{"id":12884,"date":"2026-03-16T09:38:04","date_gmt":"2026-03-16T08:38:04","guid":{"rendered":"https:\/\/bbaa.umh.es\/?p=12884"},"modified":"2026-03-16T09:38:04","modified_gmt":"2026-03-16T08:38:04","slug":"el-area-de-escultura-impulsa-los-i-talleres-internacionales-de-talla-en-piedra-en-la-facultad-de-bellas-artes-de-altea","status":"publish","type":"post","link":"https:\/\/bbaa.umh.es\/en\/2026\/03\/16\/el-area-de-escultura-impulsa-los-i-talleres-internacionales-de-talla-en-piedra-en-la-facultad-de-bellas-artes-de-altea\/","title":{"rendered":"The Sculpture Department is promoting the 1st International Stone Carving Workshops at the Faculty of Fine Arts in Altea"},"content":{"rendered":"<p><\/p>\n<p data-start=\"356\" data-end=\"779\"><a href=\"https:\/\/bbaa.umh.es\/files\/2026\/03\/I-Talleres-Internacionales-de-Talla_Jurado.jpeg\"><img loading=\"lazy\" class=\" wp-image-12890 alignleft\" src=\"https:\/\/bbaa.umh.es\/files\/2026\/03\/I-Talleres-Internacionales-de-Talla_Jurado-240x300.jpeg\" alt=\"\" width=\"320\" height=\"400\" srcset=\"https:\/\/bbaa.umh.es\/files\/2026\/03\/I-Talleres-Internacionales-de-Talla_Jurado-240x300.jpeg 240w, https:\/\/bbaa.umh.es\/files\/2026\/03\/I-Talleres-Internacionales-de-Talla_Jurado-819x1024.jpeg 819w, https:\/\/bbaa.umh.es\/files\/2026\/03\/I-Talleres-Internacionales-de-Talla_Jurado-768x960.jpeg 768w, https:\/\/bbaa.umh.es\/files\/2026\/03\/I-Talleres-Internacionales-de-Talla_Jurado.jpeg 1080w\" sizes=\"(max-width: 320px) 100vw, 320px\" \/><\/a><a href=\"https:\/\/bbaa.umh.es\/files\/2026\/03\/cartel-antonio.jpg\"><img loading=\"lazy\" class=\" wp-image-12887 alignleft\" src=\"https:\/\/bbaa.umh.es\/files\/2026\/03\/cartel-antonio-240x300.jpg\" alt=\"\" width=\"320\" height=\"400\" srcset=\"https:\/\/bbaa.umh.es\/files\/2026\/03\/cartel-antonio-240x300.jpg 240w, https:\/\/bbaa.umh.es\/files\/2026\/03\/cartel-antonio-819x1024.jpg 819w, https:\/\/bbaa.umh.es\/files\/2026\/03\/cartel-antonio-768x960.jpg 768w, https:\/\/bbaa.umh.es\/files\/2026\/03\/cartel-antonio.jpg 1080w\" sizes=\"(max-width: 320px) 100vw, 320px\" \/><\/a><\/p>\n<p data-start=\"356\" data-end=\"779\">&nbsp;<\/p>\n<p data-start=\"356\" data-end=\"779\">&nbsp;<\/p>\n<p data-start=\"356\" data-end=\"779\">&nbsp;<\/p>\n<p data-start=\"356\" data-end=\"779\">&nbsp;<\/p>\n<p data-start=\"356\" data-end=\"779\">&nbsp;<\/p>\n<p data-start=\"356\" data-end=\"779\">&nbsp;<\/p>\n<p data-start=\"356\" data-end=\"779\">&nbsp;<\/p>\n<p data-start=\"356\" data-end=\"779\"><span dir=\"auto\" style=\"vertical-align: inherit\"><span dir=\"auto\" style=\"vertical-align: inherit\">The Sculpture Department of the Faculty of Fine Arts in Altea has launched the <\/span><\/span><strong data-start=\"441\" data-end=\"490\"><span dir=\"auto\" style=\"vertical-align: inherit\"><span dir=\"auto\" style=\"vertical-align: inherit\">1st International Stone Carving Workshops<\/span><\/span><\/strong><span dir=\"auto\" style=\"vertical-align: inherit\"><span dir=\"auto\" style=\"vertical-align: inherit\"> , a new initiative led by <\/span><\/span><strong data-start=\"526\" data-end=\"629\"><span dir=\"auto\" style=\"vertical-align: inherit\"><span dir=\"auto\" style=\"vertical-align: inherit\">M.\u00aa Jos\u00e9 Zan\u00f3n, Tatiana Sentamans, Juan Francisco Mart\u00ednez G\u00f3mez de Albacete, and Paula Garc\u00eda Roble\u00f1o<\/span><\/span><\/strong><span dir=\"auto\" style=\"vertical-align: inherit\"><span dir=\"auto\" style=\"vertical-align: inherit\"> . The project was conceived as a forum to explore the processes, research, and perspectives that shape contemporary sculpture.<\/span><\/span><\/p>\n<p data-start=\"781\" data-end=\"1029\"><span dir=\"auto\" style=\"vertical-align: inherit\"><span dir=\"auto\" style=\"vertical-align: inherit\">The activity is open to <\/span><\/span><strong data-start=\"809\" data-end=\"854\"><span dir=\"auto\" style=\"vertical-align: inherit\"><span dir=\"auto\" style=\"vertical-align: inherit\">undergraduate, master&#8217;s and doctoral students<\/span><\/span><\/strong><span dir=\"auto\" style=\"vertical-align: inherit\"><span dir=\"auto\" style=\"vertical-align: inherit\"> , as well as <\/span><\/span><strong data-start=\"868\" data-end=\"890\"><span dir=\"auto\" style=\"vertical-align: inherit\"><span dir=\"auto\" style=\"vertical-align: inherit\">UMH staff<\/span><\/span><\/strong><span dir=\"auto\" style=\"vertical-align: inherit\"><span dir=\"auto\" style=\"vertical-align: inherit\"> , and is conceived as an opportunity to approach sculptural practice through dialogue with internationally renowned artists.<\/span><\/span><\/p>\n<p data-start=\"1031\" data-end=\"1411\"><span dir=\"auto\" style=\"vertical-align: inherit\"><span dir=\"auto\" style=\"vertical-align: inherit\">The first session of this edition was held on <\/span><\/span><strong data-start=\"1086\" data-end=\"1103\"><span dir=\"auto\" style=\"vertical-align: inherit\"><span dir=\"auto\" style=\"vertical-align: inherit\">February 20th<\/span><\/span><\/strong><span dir=\"auto\" style=\"vertical-align: inherit\"><span dir=\"auto\" style=\"vertical-align: inherit\"> with the participation of sculptor <\/span><\/span><strong data-start=\"1138\" data-end=\"1170\"><span dir=\"auto\" style=\"vertical-align: inherit\"><span dir=\"auto\" style=\"vertical-align: inherit\">Carlos Monge (Mexico\/Spain)<\/span><\/span><\/strong><span dir=\"auto\" style=\"vertical-align: inherit\"><span dir=\"auto\" style=\"vertical-align: inherit\"> , a leading figure in monumental sculpture with a presence in more than thirty countries. His abstract work draws on the geometries of pre-Hispanic cultures and proposes a reflection on form, space, and cultural memory.<\/span><\/span><\/p>\n<p data-start=\"1413\" data-end=\"1838\"><span dir=\"auto\" style=\"vertical-align: inherit\"><span dir=\"auto\" style=\"vertical-align: inherit\">The next meeting will take place on <\/span><\/span><strong data-start=\"1445\" data-end=\"1479\"><span dir=\"auto\" style=\"vertical-align: inherit\"><span dir=\"auto\" style=\"vertical-align: inherit\">March 24th at 12:00 pm<\/span><\/span><\/strong><span dir=\"auto\" style=\"vertical-align: inherit\"><span dir=\"auto\" style=\"vertical-align: inherit\"> in the <\/span><\/span><strong data-start=\"1487\" data-end=\"1503\"><span dir=\"auto\" style=\"vertical-align: inherit\"><span dir=\"auto\" style=\"vertical-align: inherit\">CIA Seminar Room<\/span><\/span><\/strong><span dir=\"auto\" style=\"vertical-align: inherit\"><span dir=\"auto\" style=\"vertical-align: inherit\"> , located in the <\/span><\/span><strong data-start=\"1519\" data-end=\"1580\"><span dir=\"auto\" style=\"vertical-align: inherit\"><span dir=\"auto\" style=\"vertical-align: inherit\">Mascarat building of the Faculty of Fine Arts in Altea<\/span><\/span><\/strong><span dir=\"auto\" style=\"vertical-align: inherit\"><span dir=\"auto\" style=\"vertical-align: inherit\"> . This session will feature <\/span><\/span><strong data-start=\"1609\" data-end=\"1642\"><span dir=\"auto\" style=\"vertical-align: inherit\"><span dir=\"auto\" style=\"vertical-align: inherit\">Antonio Jurado (UCLM, Cuenca)<\/span><\/span><\/strong><span dir=\"auto\" style=\"vertical-align: inherit\"><span dir=\"auto\" style=\"vertical-align: inherit\"> , PhD in Fine Arts and an internationally renowned sculptor, who will present his most recent work, focused on the memory of everyday objects and the haptic qualities of marble.<\/span><\/span><\/p>\n<p data-start=\"1840\" data-end=\"2251\"><span dir=\"auto\" style=\"vertical-align: inherit\"><span dir=\"auto\" style=\"vertical-align: inherit\">That same day, at <\/span><\/span><strong data-start=\"1861\" data-end=\"1876\"><span dir=\"auto\" style=\"vertical-align: inherit\"><span dir=\"auto\" style=\"vertical-align: inherit\">5:30 p.m. , the exhibition <\/span><\/span><\/strong><strong data-start=\"1906\" data-end=\"1932\"><em data-start=\"1908\" data-end=\"1930\"><span dir=\"auto\" style=\"vertical-align: inherit\"><span dir=\"auto\" style=\"vertical-align: inherit\">&#8220;The Memory of Touch<\/span><\/span><\/em><\/strong><span dir=\"auto\" style=\"vertical-align: inherit\"><span dir=\"auto\" style=\"vertical-align: inherit\"> ,&#8221; by Antonio Jurado, <\/span><span dir=\"auto\" style=\"vertical-align: inherit\">will open in the <\/span><\/span><strong data-start=\"1959\" data-end=\"2020\"><span dir=\"auto\" style=\"vertical-align: inherit\"><span dir=\"auto\" style=\"vertical-align: inherit\">Rectangle Room of the Center for Research in the Arts (CIA)<\/span><\/span><\/strong><span dir=\"auto\" style=\"vertical-align: inherit\"><span dir=\"auto\" style=\"vertical-align: inherit\"> at the Faculty of Fine Arts in Altea. The exhibition offers a journey through the essence of everyday objects, connecting the coldness of the sculptural material with the warmth of human experience.<\/span><\/span><\/p>\n<p data-start=\"2253\" data-end=\"2472\"><span dir=\"auto\" style=\"vertical-align: inherit\"><span dir=\"auto\" style=\"vertical-align: inherit\">The exhibition will be presented by curators <\/span><\/span><strong data-start=\"2320\" data-end=\"2365\"><span dir=\"auto\" style=\"vertical-align: inherit\"><span dir=\"auto\" style=\"vertical-align: inherit\">Juan Francisco Mart\u00ednez G\u00f3mez de Albacete<\/span><\/span><\/strong><span dir=\"auto\" style=\"vertical-align: inherit\"><span dir=\"auto\" style=\"vertical-align: inherit\"> and <\/span><\/span><strong data-start=\"2368\" data-end=\"2386\"><span dir=\"auto\" style=\"vertical-align: inherit\"><span dir=\"auto\" style=\"vertical-align: inherit\">M.\u00aa Jos\u00e9 Zan\u00f3n<\/span><\/span><\/strong><span dir=\"auto\" style=\"vertical-align: inherit\"><span dir=\"auto\" style=\"vertical-align: inherit\"> , after which a free tour of the room and a meeting with the artist will be opened.<\/span><\/span><\/p>\n<h2 data-section-id=\"pb697q\" data-start=\"2474\" data-end=\"2503\"><strong><span dir=\"auto\" style=\"vertical-align: inherit\"><span dir=\"auto\" style=\"vertical-align: inherit\">Artist Biographies<\/span><\/span><\/strong><\/h2>\n<p>&nbsp;<\/p>\n<h3 data-section-id=\"1yncpag\" data-start=\"2505\" data-end=\"2537\"><span dir=\"auto\" style=\"vertical-align: inherit\"><span dir=\"auto\" style=\"vertical-align: inherit\">Carlos Monge (Mexico\/Spain)<\/span><\/span><\/h3>\n<p data-start=\"2539\" data-end=\"2989\"><span dir=\"auto\" style=\"vertical-align: inherit\"><span dir=\"auto\" style=\"vertical-align: inherit\">Carlos Monge was born in Sinaloa, Mexico, in 1947. He began his studies at the Faculty of Philosophy and Letters of the National Autonomous University of <\/span><\/span><strong data-start=\"2650\" data-end=\"2658\"><span dir=\"auto\" style=\"vertical-align: inherit\"><span dir=\"auto\" style=\"vertical-align: inherit\">Mexico (UNAM)<\/span><\/span><\/strong><span dir=\"auto\" style=\"vertical-align: inherit\"><span dir=\"auto\" style=\"vertical-align: inherit\"> and at the University Center for Cinematographic Studies. Although he graduated in film studies in 1979, his interest in volume and matter led him to pursue sculpture. He trained under the masters <\/span><\/span><strong data-start=\"2897\" data-end=\"2912\"><span dir=\"auto\" style=\"vertical-align: inherit\"><span dir=\"auto\" style=\"vertical-align: inherit\">Sa\u00fal Moreno<\/span><\/span><\/strong><span dir=\"auto\" style=\"vertical-align: inherit\"><span dir=\"auto\" style=\"vertical-align: inherit\"> and <\/span><\/span><strong data-start=\"2915\" data-end=\"2934\"><span dir=\"auto\" style=\"vertical-align: inherit\"><span dir=\"auto\" style=\"vertical-align: inherit\">Modesto Barrios<\/span><\/span><\/strong><span dir=\"auto\" style=\"vertical-align: inherit\"><span dir=\"auto\" style=\"vertical-align: inherit\"> , later establishing his career as a sculptor.<\/span><\/span><\/p>\n<p data-start=\"2991\" data-end=\"3437\"><span dir=\"auto\" style=\"vertical-align: inherit\"><span dir=\"auto\" style=\"vertical-align: inherit\">Since 1992, he has developed an extensive international career. A resident of Valencia for over seventeen years, he has participated in more than <\/span><\/span><strong data-start=\"3139\" data-end=\"3185\"><span dir=\"auto\" style=\"vertical-align: inherit\"><span dir=\"auto\" style=\"vertical-align: inherit\">140 international sculpture symposia<\/span><\/span><\/strong><span dir=\"auto\" style=\"vertical-align: inherit\"><span dir=\"auto\" style=\"vertical-align: inherit\"> in <\/span><\/span><strong data-start=\"3189\" data-end=\"3202\"><span dir=\"auto\" style=\"vertical-align: inherit\"><span dir=\"auto\" style=\"vertical-align: inherit\">30 countries<\/span><\/span><\/strong><span dir=\"auto\" style=\"vertical-align: inherit\"><span dir=\"auto\" style=\"vertical-align: inherit\"> across <\/span><\/span><strong data-start=\"3206\" data-end=\"3228\"><span dir=\"auto\" style=\"vertical-align: inherit\"><span dir=\"auto\" style=\"vertical-align: inherit\">four continents<\/span><\/span><\/strong><span dir=\"auto\" style=\"vertical-align: inherit\"><span dir=\"auto\" style=\"vertical-align: inherit\"> , an experience that places him among the most established artists in this field. He is also the Mexican and Spanish representative of the <\/span><\/span><strong data-start=\"3365\" data-end=\"3436\"><span dir=\"auto\" style=\"vertical-align: inherit\"><span dir=\"auto\" style=\"vertical-align: inherit\">International Association of Monumental Sculpture Events (AIESM)<\/span><\/span><\/strong><span dir=\"auto\" style=\"vertical-align: inherit\"><span dir=\"auto\" style=\"vertical-align: inherit\"> .<\/span><\/span><\/p>\n<p data-start=\"3439\" data-end=\"4086\"><span dir=\"auto\" style=\"vertical-align: inherit\"><span dir=\"auto\" style=\"vertical-align: inherit\">Throughout his career, he has received numerous awards, including <\/span><\/span><strong data-start=\"3518\" data-end=\"3535\"><span dir=\"auto\" style=\"vertical-align: inherit\"><span dir=\"auto\" style=\"vertical-align: inherit\">Third Prize at the Sixth <\/span><\/span><\/strong><em data-start=\"3586\" data-end=\"3597\"><span dir=\"auto\" style=\"vertical-align: inherit\"><span dir=\"auto\" style=\"vertical-align: inherit\">Liu Kaiqu<\/span><\/span><\/em><span dir=\"auto\" style=\"vertical-align: inherit\"><span dir=\"auto\" style=\"vertical-align: inherit\"> International Sculpture Exhibition <\/span><span dir=\"auto\" style=\"vertical-align: inherit\">in Wuhu, China (2017), <\/span><\/span><strong data-start=\"3624\" data-end=\"3642\"><span dir=\"auto\" style=\"vertical-align: inherit\"><span dir=\"auto\" style=\"vertical-align: inherit\">Second Prize<\/span><\/span><\/strong><span dir=\"auto\" style=\"vertical-align: inherit\"><span dir=\"auto\" style=\"vertical-align: inherit\"> at the Sixth International Sculpture Symposium in Tehran, Iran (2014), <\/span><\/span><strong data-start=\"3717\" data-end=\"3734\"><span dir=\"auto\" style=\"vertical-align: inherit\"><span dir=\"auto\" style=\"vertical-align: inherit\">Third Prize<\/span><\/span><\/strong><span dir=\"auto\" style=\"vertical-align: inherit\"><span dir=\"auto\" style=\"vertical-align: inherit\"> at the Chaco International Sculpture Biennial in Argentina (2012), and <\/span><\/span><strong data-start=\"3808\" data-end=\"3825\"><span dir=\"auto\" style=\"vertical-align: inherit\"><span dir=\"auto\" style=\"vertical-align: inherit\">First Prize<\/span><\/span><\/strong><span dir=\"auto\" style=\"vertical-align: inherit\"><span dir=\"auto\" style=\"vertical-align: inherit\"> at the Sennori International Wood Sculpture Symposium in Italy (1996). He has also participated in exhibitions and events in countries such as Saudi Arabia, Chile, China, Azerbaijan, Taiwan, Finland, Austria, Germany, Croatia, Slovenia, France, and Spain.<\/span><\/span><\/p>\n<p data-start=\"4088\" data-end=\"4503\"><span dir=\"auto\" style=\"vertical-align: inherit\"><span dir=\"auto\" style=\"vertical-align: inherit\">His work, primarily abstract, draws on the pre-Hispanic cultures of Mexico. Based on their geometric principles, Monge develops novel forms that establish a dialogue between tradition, contemporaneity, and monumentality. For the artist, symposia are also spaces for collective learning, places of exchange where techniques, narratives, and ways of understanding sculpture are shared.<\/span><\/span><\/p>\n<h3 data-section-id=\"1hribjs\" data-start=\"4505\" data-end=\"4538\"><span dir=\"auto\" style=\"vertical-align: inherit\"><span dir=\"auto\" style=\"vertical-align: inherit\">Antonio Jurado (UCLM, Cuenca)<\/span><\/span><\/h3>\n<p data-start=\"4540\" data-end=\"5272\"><span dir=\"auto\" style=\"vertical-align: inherit\"><span dir=\"auto\" style=\"vertical-align: inherit\">Antonio Jurado, a native of <\/span><\/span><strong data-start=\"4567\" data-end=\"4587\"><span dir=\"auto\" style=\"vertical-align: inherit\"><span dir=\"auto\" style=\"vertical-align: inherit\">Gilena (Seville)<\/span><\/span><\/strong><span dir=\"auto\" style=\"vertical-align: inherit\"><span dir=\"auto\" style=\"vertical-align: inherit\"> , holds <\/span><\/span><strong data-start=\"4592\" data-end=\"4659\"><span dir=\"auto\" style=\"vertical-align: inherit\"><span dir=\"auto\" style=\"vertical-align: inherit\">a PhD in Fine Arts from the University of Castilla-La Mancha<\/span><\/span><\/strong><span dir=\"auto\" style=\"vertical-align: inherit\"><span dir=\"auto\" style=\"vertical-align: inherit\"> , where he defended his doctoral thesis, &#8221; <\/span><\/span><em data-start=\"4695\" data-end=\"4818\"><span dir=\"auto\" style=\"vertical-align: inherit\"><span dir=\"auto\" style=\"vertical-align: inherit\">The Sculptural Interpretation of the Everyday Object: An Analysis of Contemporary Sculpture from the Perspective of Artistic Practice<\/span><\/span><\/em><span dir=\"auto\" style=\"vertical-align: inherit\"><span dir=\"auto\" style=\"vertical-align: inherit\"> ,&#8221; on <\/span><\/span><strong data-start=\"4823\" data-end=\"4846\"><span dir=\"auto\" style=\"vertical-align: inherit\"><span dir=\"auto\" style=\"vertical-align: inherit\">July 16, 2025.<\/span><\/span><\/strong><span dir=\"auto\" style=\"vertical-align: inherit\"><span dir=\"auto\" style=\"vertical-align: inherit\"> His training began at the Almer\u00eda School of Art and continued at the Granada School of Art. He subsequently earned his <\/span><\/span><strong data-start=\"4971\" data-end=\"5007\"><span dir=\"auto\" style=\"vertical-align: inherit\"><span dir=\"auto\" style=\"vertical-align: inherit\">Bachelor&#8217;s Degree in Fine Arts from the University of Castilla-La Mancha (UCLM)<\/span><\/span><\/strong><span dir=\"auto\" style=\"vertical-align: inherit\"><span dir=\"auto\" style=\"vertical-align: inherit\"> , where he received the <\/span><\/span><strong data-start=\"5025\" data-end=\"5069\"><span dir=\"auto\" style=\"vertical-align: inherit\"><span dir=\"auto\" style=\"vertical-align: inherit\">Extraordinary End-of-Studies Award<\/span><\/span><\/strong><span dir=\"auto\" style=\"vertical-align: inherit\"><span dir=\"auto\" style=\"vertical-align: inherit\"> in 2016. In 2015, he undertook a research stay at the <\/span><\/span><strong data-start=\"5121\" data-end=\"5173\"><span dir=\"auto\" style=\"vertical-align: inherit\"><span dir=\"auto\" style=\"vertical-align: inherit\">Autonomous University of the State of Mexico (UAEM)<\/span><\/span><\/strong><span dir=\"auto\" style=\"vertical-align: inherit\"><span dir=\"auto\" style=\"vertical-align: inherit\"> and, in 2017, completed a <\/span><\/span><strong data-start=\"5198\" data-end=\"5260\"><span dir=\"auto\" style=\"vertical-align: inherit\"><span dir=\"auto\" style=\"vertical-align: inherit\">Master&#8217;s Degree in Research in Artistic and Visual Practices<\/span><\/span><\/strong><span dir=\"auto\" style=\"vertical-align: inherit\"><span dir=\"auto\" style=\"vertical-align: inherit\"> at UCLM.<\/span><\/span><\/p>\n<p data-start=\"5274\" data-end=\"5859\"><span dir=\"auto\" style=\"vertical-align: inherit\"><span dir=\"auto\" style=\"vertical-align: inherit\">His artistic production focuses on the sculptural interpretation of everyday objects. Through marble, Antonio Jurado reinterprets common elements and shifts their usual meaning by altering their scale and materiality. His work explores the haptic qualities of stone to invite the viewer to a sensory experience that goes beyond the visual. In this way, his sculptures transform recognizable objects into monumental presences that, at the same time, question excessive consumption and the production rhythms of contemporary society.<\/span><\/span><\/p>\n<p data-start=\"5861\" data-end=\"6515\"><span dir=\"auto\" style=\"vertical-align: inherit\"><span dir=\"auto\" style=\"vertical-align: inherit\">Participation in symposia has been a cornerstone of his career. He has taken part in numerous national and international events, most notably his invitation to the first <\/span><\/span><strong data-start=\"6080\" data-end=\"6133\"><span dir=\"auto\" style=\"vertical-align: inherit\"><span dir=\"auto\" style=\"vertical-align: inherit\">Hulan International Sculpture Symposium 2023<\/span><\/span><\/strong><span dir=\"auto\" style=\"vertical-align: inherit\"><span dir=\"auto\" style=\"vertical-align: inherit\"> in Harbin, China, where his work <\/span><\/span><em data-start=\"6168\" data-end=\"6177\"><span dir=\"auto\" style=\"vertical-align: inherit\"><span dir=\"auto\" style=\"vertical-align: inherit\">Needles<\/span><\/span><\/em><span dir=\"auto\" style=\"vertical-align: inherit\"><span dir=\"auto\" style=\"vertical-align: inherit\"> was incorporated into the <\/span><\/span><strong data-start=\"6202\" data-end=\"6235\"><span dir=\"auto\" style=\"vertical-align: inherit\"><span dir=\"auto\" style=\"vertical-align: inherit\">Floating Sculpture Museum<\/span><\/span><\/strong><span dir=\"auto\" style=\"vertical-align: inherit\"><span dir=\"auto\" style=\"vertical-align: inherit\"> . He has also participated in the <\/span><\/span><strong data-start=\"6266\" data-end=\"6321\"><span dir=\"auto\" style=\"vertical-align: inherit\"><span dir=\"auto\" style=\"vertical-align: inherit\">2nd Calatorao International Sculpture Symposium<\/span><\/span><\/strong><span dir=\"auto\" style=\"vertical-align: inherit\"><span dir=\"auto\" style=\"vertical-align: inherit\"> (Spain, 2018), the <\/span><\/span><strong data-start=\"6341\" data-end=\"6381\"><span dir=\"auto\" style=\"vertical-align: inherit\"><span dir=\"auto\" style=\"vertical-align: inherit\">24th Art Engiadina Bildhauer Symposium<\/span><\/span><\/strong><span dir=\"auto\" style=\"vertical-align: inherit\"><span dir=\"auto\" style=\"vertical-align: inherit\"> in Switzerland, the <\/span><\/span><strong data-start=\"6395\" data-end=\"6439\"><span dir=\"auto\" style=\"vertical-align: inherit\"><span dir=\"auto\" style=\"vertical-align: inherit\">27th Camille Claudel Sculpture Festival<\/span><\/span><\/strong><span dir=\"auto\" style=\"vertical-align: inherit\"><span dir=\"auto\" style=\"vertical-align: inherit\"> in France, as well as events held in Poland, Portugal, and China.<\/span><\/span><\/p>\n<p data-start=\"6517\" data-end=\"6734\"><span dir=\"auto\" style=\"vertical-align: inherit\"><span dir=\"auto\" style=\"vertical-align: inherit\">Currently, he has public works installed in countries such as <\/span><\/span><strong data-start=\"6584\" data-end=\"6630\"><span dir=\"auto\" style=\"vertical-align: inherit\"><span dir=\"auto\" style=\"vertical-align: inherit\">Switzerland, France, Spain, Poland and Portugal<\/span><\/span><\/strong><span dir=\"auto\" style=\"vertical-align: inherit\"><span dir=\"auto\" style=\"vertical-align: inherit\"> , consolidating a career that combines research, artistic practice and international projection.<\/span><\/span><\/p>\n<p data-start=\"6517\" data-end=\"6734\"><span dir=\"auto\" style=\"vertical-align: inherit\"><span dir=\"auto\" style=\"vertical-align: inherit\">With this initiative, we are opening a new space for encounter, learning, and exchange around contemporary sculpture. The First International Stone Carving Workshops are born from the desire to bring new forms of artistic creation, research, and dialogue to our university community.<\/span><\/span><\/p>\n<p><\/p>","protected":false},"excerpt":{"rendered":"<p>&nbsp;<br \/>\n&nbsp;<br \/>\n&nbsp;<br \/>\n&nbsp;<br \/>\n&nbsp;<br \/>\n&nbsp;<br \/>\n&nbsp;<br \/>\nThe Sculpture Department of the Faculty of Fine Arts in Altea has launched the 1st International Stone Carving Workshops , a new initiative led by M.\u00aa Jos\u00e9 Zan\u00f3n, Tatiana Sentamans, Juan Francisco Mart\u00ednez G\u00f3mez de Albacete, and Paula Garc\u00eda Roble\u00f1o . The project was conceived as a forum to explore the processes, research, and perspectives [&#8230;]<\/p>\n","protected":false},"author":32586,"featured_media":0,"comment_status":"closed","ping_status":"open","sticky":false,"template":"","format":"standard","meta":{"ngg_post_thumbnail":0,"_links_to":"","_links_to_target":""},"categories":[1],"tags":[],"_links":{"self":[{"href":"https:\/\/bbaa.umh.es\/en\/wp-json\/wp\/v2\/posts\/12884"}],"collection":[{"href":"https:\/\/bbaa.umh.es\/en\/wp-json\/wp\/v2\/posts"}],"about":[{"href":"https:\/\/bbaa.umh.es\/en\/wp-json\/wp\/v2\/types\/post"}],"author":[{"embeddable":true,"href":"https:\/\/bbaa.umh.es\/en\/wp-json\/wp\/v2\/users\/32586"}],"replies":[{"embeddable":true,"href":"https:\/\/bbaa.umh.es\/en\/wp-json\/wp\/v2\/comments?post=12884"}],"version-history":[{"count":0,"href":"https:\/\/bbaa.umh.es\/en\/wp-json\/wp\/v2\/posts\/12884\/revisions"}],"wp:attachment":[{"href":"https:\/\/bbaa.umh.es\/en\/wp-json\/wp\/v2\/media?parent=12884"}],"wp:term":[{"taxonomy":"category","embeddable":true,"href":"https:\/\/bbaa.umh.es\/en\/wp-json\/wp\/v2\/categories?post=12884"},{"taxonomy":"post_tag","embeddable":true,"href":"https:\/\/bbaa.umh.es\/en\/wp-json\/wp\/v2\/tags?post=12884"}],"curies":[{"name":"wp","href":"https:\/\/api.w.org\/{rel}","templated":true}]}}