{"id":6281,"date":"2019-11-18T11:58:16","date_gmt":"2019-11-18T10:58:16","guid":{"rendered":"https:\/\/bbaa.umh.es\/?p=6281"},"modified":"2019-11-18T12:59:53","modified_gmt":"2019-11-18T11:59:53","slug":"proximas-actividades-organizadas-por-la-catedra-anetta-nicoli-en-altea-25n-dia-contra-las-violencias-machistas","status":"publish","type":"post","link":"https:\/\/bbaa.umh.es\/ca\/2019\/11\/18\/proximas-actividades-organizadas-por-la-catedra-anetta-nicoli-en-altea-25n-dia-contra-las-violencias-machistas\/","title":{"rendered":"<span lang=\"es\">(Espa\u00f1ol) Pr\u00f3ximas actividades organizadas por la C\u00e1tedra Anetta Nicoli en Altea &#8211; 25N D\u00eda contra las violencias machistas<\/span>"},"content":{"rendered":"<p class=\"qtranxs-available-languages-message qtranxs-available-languages-message-ca\">Ho sentim, aquesta entrada es troba disponible \u00fanicament en <a href=\"https:\/\/bbaa.umh.es\/es\/wp-json\/wp\/v2\/posts\/6281\" class=\"qtranxs-available-language-link qtranxs-available-language-link-es\" title=\"Espa\u00f1ol\">Espanyol Europeu<\/a>.<\/p>","protected":false},"excerpt":{"rendered":"<p>Ho sentim, aquesta entrada es troba disponible \u00fanicament en Espanyol Europeu.<\/p>\n","protected":false},"author":3285,"featured_media":0,"comment_status":"closed","ping_status":"open","sticky":false,"template":"","format":"standard","meta":{"ngg_post_thumbnail":0,"_links_to":"","_links_to_target":""},"categories":[15581,6,721],"tags":[],"_links":{"self":[{"href":"https:\/\/bbaa.umh.es\/ca\/wp-json\/wp\/v2\/posts\/6281"}],"collection":[{"href":"https:\/\/bbaa.umh.es\/ca\/wp-json\/wp\/v2\/posts"}],"about":[{"href":"https:\/\/bbaa.umh.es\/ca\/wp-json\/wp\/v2\/types\/post"}],"author":[{"embeddable":true,"href":"https:\/\/bbaa.umh.es\/ca\/wp-json\/wp\/v2\/users\/3285"}],"replies":[{"embeddable":true,"href":"https:\/\/bbaa.umh.es\/ca\/wp-json\/wp\/v2\/comments?post=6281"}],"version-history":[{"count":0,"href":"https:\/\/bbaa.umh.es\/ca\/wp-json\/wp\/v2\/posts\/6281\/revisions"}],"wp:attachment":[{"href":"https:\/\/bbaa.umh.es\/ca\/wp-json\/wp\/v2\/media?parent=6281"}],"wp:term":[{"taxonomy":"category","embeddable":true,"href":"https:\/\/bbaa.umh.es\/ca\/wp-json\/wp\/v2\/categories?post=6281"},{"taxonomy":"post_tag","embeddable":true,"href":"https:\/\/bbaa.umh.es\/ca\/wp-json\/wp\/v2\/tags?post=6281"}],"curies":[{"name":"wp","href":"https:\/\/api.w.org\/{rel}","templated":true}]}}