{"id":13040,"date":"2026-04-29T13:29:04","date_gmt":"2026-04-29T11:29:04","guid":{"rendered":"https:\/\/bbaa.umh.es\/?p=13040"},"modified":"2026-04-29T13:29:04","modified_gmt":"2026-04-29T11:29:04","slug":"el-peso-de-mi-bolsillo-antonio-jurado-en-el-espai-cultural-carabineros","status":"publish","type":"post","link":"https:\/\/bbaa.umh.es\/ca\/2026\/04\/29\/el-peso-de-mi-bolsillo-antonio-jurado-en-el-espai-cultural-carabineros\/","title":{"rendered":"El pes de la meva butxaca: Antonio Jurado a l&#8217;Espai Cultural CARABINERS"},"content":{"rendered":"<p>&nbsp;<\/p>\n<p style=\"text-align: justify\"><a href=\"https:\/\/bbaa.umh.es\/files\/2026\/04\/Cartel.jpeg\"><img loading=\"lazy\" class=\" wp-image-13043 aligncenter\" src=\"https:\/\/bbaa.umh.es\/files\/2026\/04\/Cartel-212x300.jpeg\" alt=\"\" width=\"494\" height=\"699\" srcset=\"https:\/\/bbaa.umh.es\/files\/2026\/04\/Cartel-212x300.jpeg 212w, https:\/\/bbaa.umh.es\/files\/2026\/04\/Cartel-724x1024.jpeg 724w, https:\/\/bbaa.umh.es\/files\/2026\/04\/Cartel-768x1086.jpeg 768w, https:\/\/bbaa.umh.es\/files\/2026\/04\/Cartel-1086x1536.jpeg 1086w, https:\/\/bbaa.umh.es\/files\/2026\/04\/Cartel.jpeg 1131w\" sizes=\"(max-width: 494px) 100vw, 494px\" \/><\/a><\/p>\n<p style=\"text-align: justify\"><span dir=\"auto\" style=\"vertical-align: inherit\"><span dir=\"auto\" style=\"vertical-align: inherit\">\u00c9s un plaer comissariar l&#8217;exposici\u00f3 El pes de la butxaca de l&#8217;escultor i investigador Antonio Jurado, que es presenta a l&#8217;Espai Cultural CARABINERS.<\/span><\/span><\/p>\n<ul style=\"text-align: justify\">\n<li><span dir=\"auto\" style=\"vertical-align: inherit\"><span dir=\"auto\" style=\"vertical-align: inherit\">&nbsp;Dates: del 30 d&#8217;abril al 20 de maig del 2026<\/span><\/span><\/li>\n<li><span dir=\"auto\" style=\"vertical-align: inherit\"><span dir=\"auto\" style=\"vertical-align: inherit\">Inauguraci\u00f3: dijous 30 d&#8217;abril a les 19.00 h<\/span><\/span><\/li>\n<\/ul>\n<p style=\"text-align: justify\"><span dir=\"auto\" style=\"vertical-align: inherit\"><span dir=\"auto\" style=\"vertical-align: inherit\">En aquesta mostra, l&#8217;artista andal\u00fas proposa una reflexi\u00f3 sobre el consum i la petjada humana a trav\u00e9s de la transformaci\u00f3 d&#8217;objectes quotidians en escultures de marbre de gran format. Mitjan\u00e7ant un subtil joc d&#8217;escales, Jurado converteix elements comuns en pres\u00e8ncies monumentals, alterant la nostra percepci\u00f3 i resignificant-ne el valor simb\u00f2lic.<\/span><\/span><\/p>\n<p style=\"text-align: justify\"><span dir=\"auto\" style=\"vertical-align: inherit\"><span dir=\"auto\" style=\"vertical-align: inherit\">El seu treball, desenvolupat al llarg d&#8217;una traject\u00f2ria internacional destacada amb exposicions a pa\u00efsos com Su\u00efssa, la Xina o Fran\u00e7a, es caracteritza per una aproximaci\u00f3 material que aconsegueix dotar el marbre d&#8217;una qualitat inusualment c\u00e0lida i propera.<\/span><\/span><\/p>\n<p style=\"text-align: justify\"><span dir=\"auto\" style=\"vertical-align: inherit\"><span dir=\"auto\" style=\"vertical-align: inherit\">L&#8217;exposici\u00f3 \u00e9s una oportunitat per aproximar-se a una pr\u00e0ctica escult\u00f2rica contempor\u00e0nia que dialoga amb q\u00fcestions actuals des d&#8217;una perspectiva po\u00e8tica i cr\u00edtica.<\/span><\/span><\/p>\n<p style=\"text-align: justify\"><span dir=\"auto\" style=\"vertical-align: inherit\"><span dir=\"auto\" style=\"vertical-align: inherit\">Us esperem el dijous 30 d&#8217;abril a les 19.00 h. L\u00b4entrada \u00e9s lliure fins a completar aforament.<\/span><\/span><\/p>\n<p><\/p>","protected":false},"excerpt":{"rendered":"<p>&nbsp;<\/p>\n<p>\u00c9s un plaer comissariar l&#8217;exposici\u00f3 El pes de la butxaca de l&#8217;escultor i investigador Antonio Jurado, que es presenta a l&#8217;Espai Cultural CARABINERS.<\/p>\n<p>&nbsp;Dates: del 30 d&#8217;abril al 20 de maig del 2026<br \/>\nInauguraci\u00f3: dijous 30 d&#8217;abril a les 19.00 h<\/p>\n<p>En aquesta mostra, l&#8217;artista andal\u00fas proposa una reflexi\u00f3 sobre el consum i la petjada humana a trav\u00e9s [&#8230;]<\/p>\n","protected":false},"author":32586,"featured_media":0,"comment_status":"closed","ping_status":"open","sticky":false,"template":"","format":"standard","meta":{"ngg_post_thumbnail":0,"_links_to":"","_links_to_target":""},"categories":[1],"tags":[],"_links":{"self":[{"href":"https:\/\/bbaa.umh.es\/ca\/wp-json\/wp\/v2\/posts\/13040"}],"collection":[{"href":"https:\/\/bbaa.umh.es\/ca\/wp-json\/wp\/v2\/posts"}],"about":[{"href":"https:\/\/bbaa.umh.es\/ca\/wp-json\/wp\/v2\/types\/post"}],"author":[{"embeddable":true,"href":"https:\/\/bbaa.umh.es\/ca\/wp-json\/wp\/v2\/users\/32586"}],"replies":[{"embeddable":true,"href":"https:\/\/bbaa.umh.es\/ca\/wp-json\/wp\/v2\/comments?post=13040"}],"version-history":[{"count":0,"href":"https:\/\/bbaa.umh.es\/ca\/wp-json\/wp\/v2\/posts\/13040\/revisions"}],"wp:attachment":[{"href":"https:\/\/bbaa.umh.es\/ca\/wp-json\/wp\/v2\/media?parent=13040"}],"wp:term":[{"taxonomy":"category","embeddable":true,"href":"https:\/\/bbaa.umh.es\/ca\/wp-json\/wp\/v2\/categories?post=13040"},{"taxonomy":"post_tag","embeddable":true,"href":"https:\/\/bbaa.umh.es\/ca\/wp-json\/wp\/v2\/tags?post=13040"}],"curies":[{"name":"wp","href":"https:\/\/api.w.org\/{rel}","templated":true}]}}