{"id":13031,"date":"2026-04-27T14:30:57","date_gmt":"2026-04-27T12:30:57","guid":{"rendered":"https:\/\/bbaa.umh.es\/?p=13031"},"modified":"2026-04-27T14:30:57","modified_gmt":"2026-04-27T12:30:57","slug":"convocatoria-2026-curso-de-pintores-del-paisaje-de-segovia","status":"publish","type":"post","link":"https:\/\/bbaa.umh.es\/ca\/2026\/04\/27\/convocatoria-2026-curso-de-pintores-del-paisaje-de-segovia\/","title":{"rendered":"Convocat\u00f2ria 2026: Curs de Pintors del \u201cPaisatge de Seg\u00f2via"},"content":{"rendered":"<p><span dir=\"auto\" style=\"vertical-align: inherit\"><span dir=\"auto\" style=\"vertical-align: inherit\">La Facultat de Belles Arts informa de l&#8217;obertura de la convocat\u00f2ria 2026 del Curs de Pintors del \u201cPaisatge de Seg\u00f2via\u201d, una reconeguda iniciativa que reuneix a la ciutat de Seg\u00f2via estudiants de diferents Facultats i Escoles de Belles Arts de l&#8217;Estat espanyol.<\/span><\/span><\/p>\n<p><span dir=\"auto\" style=\"vertical-align: inherit\"><span dir=\"auto\" style=\"vertical-align: inherit\">Aquest curs ofereix una experi\u00e8ncia formativa intensiva centrada en la pintura de paisatge, desenvolupada directament a partir de lentorn segovi\u00e0, i afavoreix la conviv\u00e8ncia art\u00edstica en un context hist\u00f2ric i cultural \u00fanic.<\/span><\/span><\/p>\n<h4><span dir=\"auto\" style=\"vertical-align: inherit\"><span dir=\"auto\" style=\"vertical-align: inherit\">Caracter\u00edstiques de la beca.<\/span><\/span><\/h4>\n<ul>\n<li><span dir=\"auto\" style=\"vertical-align: inherit\"><span dir=\"auto\" style=\"vertical-align: inherit\">La convocat\u00f2ria contempla una beca destinada a un\/a estudiant per cada Facultat de Belles Arts, que inclou:<\/span><\/span><\/li>\n<li><span dir=\"auto\" style=\"vertical-align: inherit\"><span dir=\"auto\" style=\"vertical-align: inherit\">Estada en r\u00e8gim d&#8217;internat<\/span><\/span><\/li>\n<li><span dir=\"auto\" style=\"vertical-align: inherit\"><span dir=\"auto\" style=\"vertical-align: inherit\">Manutenci\u00f3 completa<\/span><\/span><\/li>\n<li><span dir=\"auto\" style=\"vertical-align: inherit\"><span dir=\"auto\" style=\"vertical-align: inherit\">Formaci\u00f3 art\u00edstica especialitzada<\/span><\/span><\/li>\n<li><span dir=\"auto\" style=\"vertical-align: inherit\"><span dir=\"auto\" style=\"vertical-align: inherit\">\u00das d&#8217;instal\u00b7lacions adequades per a la pr\u00e0ctica pict\u00f2rica<\/span><\/span><\/li>\n<\/ul>\n<p><span dir=\"auto\" style=\"vertical-align: inherit\"><span dir=\"auto\" style=\"vertical-align: inherit\">Nota: les despeses de despla\u00e7ament no estan incloses.<\/span><\/span><\/p>\n<h4><span dir=\"auto\" style=\"vertical-align: inherit\"><span dir=\"auto\" style=\"vertical-align: inherit\">Dates del curs.<\/span><\/span><\/h4>\n<ul>\n<li><span dir=\"auto\" style=\"vertical-align: inherit\"><span dir=\"auto\" style=\"vertical-align: inherit\">Durada: del 3 al 26 d&#8217;agost del 2026<\/span><\/span><\/li>\n<li><span dir=\"auto\" style=\"vertical-align: inherit\"><span dir=\"auto\" style=\"vertical-align: inherit\">Arribada a la resid\u00e8ncia: 2 d&#8217;agost (opcional)<\/span><\/span><\/li>\n<li><span dir=\"auto\" style=\"vertical-align: inherit\"><span dir=\"auto\" style=\"vertical-align: inherit\">Requisits de participaci\u00f3<\/span><\/span><\/li>\n<\/ul>\n<p><span dir=\"auto\" style=\"vertical-align: inherit\"><span dir=\"auto\" style=\"vertical-align: inherit\">Podran optar a la selecci\u00f3 els qui:<\/span><\/span><\/p>\n<ul>\n<li><span dir=\"auto\" style=\"vertical-align: inherit\"><span dir=\"auto\" style=\"vertical-align: inherit\">Estiguin matriculats\/des en 4t curs del Grau en Belles Arts o siguin egressats recents<\/span><\/span><\/li>\n<li><span dir=\"auto\" style=\"vertical-align: inherit\"><span dir=\"auto\" style=\"vertical-align: inherit\">Es comprometin a desenvolupar pintura de paisatge durant el curs<\/span><\/span><\/li>\n<li><span dir=\"auto\" style=\"vertical-align: inherit\"><span dir=\"auto\" style=\"vertical-align: inherit\">Participen activament en les activitats formatives i de conviv\u00e8ncia<\/span><\/span><\/li>\n<li><span dir=\"auto\" style=\"vertical-align: inherit\"><span dir=\"auto\" style=\"vertical-align: inherit\">Respecteu les normes i els horaris establerts per l&#8217;organitzaci\u00f3<\/span><\/span><\/li>\n<\/ul>\n<p><span dir=\"auto\" style=\"vertical-align: inherit\"><span dir=\"auto\" style=\"vertical-align: inherit\">Aix\u00ed mateix, ser\u00e0 obligatori:<\/span><\/span><\/p>\n<ul>\n<li><span dir=\"auto\" style=\"vertical-align: inherit\"><span dir=\"auto\" style=\"vertical-align: inherit\">Participar a l&#8217;exposici\u00f3 final del curs<\/span><\/span><\/li>\n<li><span dir=\"auto\" style=\"vertical-align: inherit\"><span dir=\"auto\" style=\"vertical-align: inherit\">Donar una de les obres realitzades durant l&#8217;estada<\/span><\/span><\/li>\n<li><span dir=\"auto\" style=\"vertical-align: inherit\"><span dir=\"auto\" style=\"vertical-align: inherit\">Donar l&#8217;obra premiada en cas d&#8217;obtenir alguna de les medalles del certamen<\/span><\/span><\/li>\n<li><span dir=\"auto\" style=\"vertical-align: inherit\"><span dir=\"auto\" style=\"vertical-align: inherit\">Documentaci\u00f3 requerida<\/span><\/span><\/li>\n<\/ul>\n<p><span dir=\"auto\" style=\"vertical-align: inherit\"><span dir=\"auto\" style=\"vertical-align: inherit\">Les persones interessades hauran d&#8217;enviar abans de les 14:00 del 25 de juny de 2026 un \u00fanic fitxer PDF a: <a href=\"mailto:jhinojos@umh.es\" target=\"_blank\" rel=\"noopener\">Professor Facultat Belles Arts<\/a>, que inclogui:<\/span><\/span><\/p>\n<ul>\n<li><span dir=\"auto\" style=\"vertical-align: inherit\"><span dir=\"auto\" style=\"vertical-align: inherit\">Dades personals (nom i cognoms, DNI, adre\u00e7a, email i tel\u00e8fon)<\/span><\/span><\/li>\n<li><span dir=\"auto\" style=\"vertical-align: inherit\"><span dir=\"auto\" style=\"vertical-align: inherit\">Resum del curr\u00edculum<\/span><\/span><\/li>\n<li><span dir=\"auto\" style=\"vertical-align: inherit\"><span dir=\"auto\" style=\"vertical-align: inherit\">Dossier art\u00edstic amb almenys 10 obres relacionades amb el paisatge<\/span><\/span><\/li>\n<li><span dir=\"auto\" style=\"vertical-align: inherit\"><span dir=\"auto\" style=\"vertical-align: inherit\">Proc\u00e9s de selecci\u00f3 <\/span><\/span><br \/>\n<span dir=\"auto\" style=\"vertical-align: inherit\"><span dir=\"auto\" style=\"vertical-align: inherit\">.<\/span><\/span><\/li>\n<\/ul>\n<p><span dir=\"auto\" style=\"vertical-align: inherit\"><span dir=\"auto\" style=\"vertical-align: inherit\">Cada Facultat proposar\u00e0 dos candidats\/es, les sol\u00b7licituds de les quals seran avaluades per la Reial Acad\u00e8mia de San Quirce, encarregada de la selecci\u00f3 final.<\/span><\/span><\/p>\n<h4><span dir=\"auto\" style=\"vertical-align: inherit\"><span dir=\"auto\" style=\"vertical-align: inherit\">Convocat\u00f2ria espec\u00edfica.<\/span><\/span><\/h4>\n<p><span dir=\"auto\" style=\"vertical-align: inherit\"><span dir=\"auto\" style=\"vertical-align: inherit\">L&#8217;alumnat natural de Seg\u00f2via podr\u00e0 optar a una beca espec\u00edfica mitjan\u00e7ant l&#8217;enviament directe de la sol\u00b7licitud a:<\/span><\/span><\/p>\n<p><span dir=\"auto\" style=\"vertical-align: inherit\"><span dir=\"auto\" style=\"vertical-align: inherit\">Envia un correu al coordinador:&nbsp; <\/span><\/span><a href=\"mailto:coordinador@cursopintoresdesegovia.es\" target=\"_blank\" rel=\"noopener\"><span dir=\"auto\" style=\"vertical-align: inherit\"><span dir=\"auto\" style=\"vertical-align: inherit\">coordinador@cursopintoresdesegovia.es<\/span><\/span><\/a><br \/>\n<span dir=\"auto\" style=\"vertical-align: inherit\"><span dir=\"auto\" style=\"vertical-align: inherit\"> Tamb\u00e9 pots enviar un correu al professor de la facultat de Belles Arts: <\/span><\/span><a href=\"mailto:jhinojos@umh.es\"><span dir=\"auto\" style=\"vertical-align: inherit\"><span dir=\"auto\" style=\"vertical-align: inherit\">jhinojos@umh.es<\/span><\/span><\/a><\/p>","protected":false},"excerpt":{"rendered":"<p>La Facultat de Belles Arts informa de l&#8217;obertura de la convocat\u00f2ria 2026 del Curs de Pintors del \u201cPaisatge de Seg\u00f2via\u201d, una reconeguda iniciativa que reuneix a la ciutat de Seg\u00f2via estudiants de diferents Facultats i Escoles de Belles Arts de l&#8217;Estat espanyol.<br \/>\nAquest curs ofereix una experi\u00e8ncia formativa intensiva centrada en la pintura de paisatge, desenvolupada [&#8230;]<\/p>\n","protected":false},"author":32586,"featured_media":0,"comment_status":"closed","ping_status":"open","sticky":false,"template":"","format":"standard","meta":{"ngg_post_thumbnail":0,"_links_to":"","_links_to_target":""},"categories":[1],"tags":[],"_links":{"self":[{"href":"https:\/\/bbaa.umh.es\/ca\/wp-json\/wp\/v2\/posts\/13031"}],"collection":[{"href":"https:\/\/bbaa.umh.es\/ca\/wp-json\/wp\/v2\/posts"}],"about":[{"href":"https:\/\/bbaa.umh.es\/ca\/wp-json\/wp\/v2\/types\/post"}],"author":[{"embeddable":true,"href":"https:\/\/bbaa.umh.es\/ca\/wp-json\/wp\/v2\/users\/32586"}],"replies":[{"embeddable":true,"href":"https:\/\/bbaa.umh.es\/ca\/wp-json\/wp\/v2\/comments?post=13031"}],"version-history":[{"count":0,"href":"https:\/\/bbaa.umh.es\/ca\/wp-json\/wp\/v2\/posts\/13031\/revisions"}],"wp:attachment":[{"href":"https:\/\/bbaa.umh.es\/ca\/wp-json\/wp\/v2\/media?parent=13031"}],"wp:term":[{"taxonomy":"category","embeddable":true,"href":"https:\/\/bbaa.umh.es\/ca\/wp-json\/wp\/v2\/categories?post=13031"},{"taxonomy":"post_tag","embeddable":true,"href":"https:\/\/bbaa.umh.es\/ca\/wp-json\/wp\/v2\/tags?post=13031"}],"curies":[{"name":"wp","href":"https:\/\/api.w.org\/{rel}","templated":true}]}}