{"id":13016,"date":"2026-04-27T14:04:42","date_gmt":"2026-04-27T12:04:42","guid":{"rendered":"https:\/\/bbaa.umh.es\/?p=13016"},"modified":"2026-04-28T08:41:17","modified_gmt":"2026-04-28T06:41:17","slug":"la-profesora-pilar-viviente-participa-en-una-exposicion-internacional-en-venecia","status":"publish","type":"post","link":"https:\/\/bbaa.umh.es\/ca\/2026\/04\/27\/la-profesora-pilar-viviente-participa-en-una-exposicion-internacional-en-venecia\/","title":{"rendered":"La professora Pilar Vivent participa en una exposici\u00f3 internacional &#8220;Art and poetry in Tribute to Venice Biennale&#8221;"},"content":{"rendered":"<p><a href=\"https:\/\/bbaa.umh.es\/files\/2026\/04\/1000338303.jpg\"><img loading=\"lazy\" class=\" wp-image-13019 aligncenter\" src=\"https:\/\/bbaa.umh.es\/files\/2026\/04\/1000338303-240x300.jpg\" alt=\"Cartell dels participants de lexposici\u00f3.\" width=\"582\" height=\"728\" srcset=\"https:\/\/bbaa.umh.es\/files\/2026\/04\/1000338303-240x300.jpg 240w, https:\/\/bbaa.umh.es\/files\/2026\/04\/1000338303-819x1024.jpg 819w, https:\/\/bbaa.umh.es\/files\/2026\/04\/1000338303-768x960.jpg 768w, https:\/\/bbaa.umh.es\/files\/2026\/04\/1000338303.jpg 1080w\" sizes=\"(max-width: 582px) 100vw, 582px\" \/><\/a><\/p>\n<p style=\"text-align: justify\"><span dir=\"auto\" style=\"vertical-align: inherit\"><span dir=\"auto\" style=\"vertical-align: inherit\">La professora Pilar Viviente participa a l&#8217;exposici\u00f3 internacional Art i Poetry in Tribute to the Venice Biennale, celebrada del 17 d&#8217;abril a l&#8217;1 de maig de 2026 al Centre Culturale Palazzo Pisani-Revedin (Ven\u00e8cia, It\u00e0lia).<\/span><\/span><\/p>\n<p style=\"text-align: justify\"><span dir=\"auto\" style=\"vertical-align: inherit\"><span dir=\"auto\" style=\"vertical-align: inherit\">Organitzada per la Bicultural Community of The Americas en col\u00b7laboraci\u00f3 amb el Palazzo Pisani-Revedin, la mostra reuneix artistes internacionals en un projecte de car\u00e0cter multicultural que integra pintura, escultura en clau instal\u00b7lativa, obra gr\u00e0fica i fotografia. La iniciativa es desenvolupa en el context de la Biennal de Ven\u00e8cia i proposa un di\u00e0leg entre pr\u00e0ctiques contempor\u00e0nies i lespai patrimonial dun palau barroc del segle XVII.<\/span><\/span><\/p>\n<p style=\"text-align: justify\"><span dir=\"auto\" style=\"vertical-align: inherit\"><span dir=\"auto\" style=\"vertical-align: inherit\">En aquest marc, Pilar Viviente presenta cinc obres de la s\u00e8rie Ven\u00e8cia Broadway Butterflies I, II, III, IV i V (2026), realitzades en pintura digital i acr\u00edlica sobre llen\u00e7 (60 \u00d7 60 cm). La participaci\u00f3 ha estat reconeguda durant la cerim\u00f2nia oficial de l&#8217;esdeveniment, destacant la seva aportaci\u00f3 al di\u00e0leg art\u00edstic i cultural d&#8217;\u00e0mbit internacional.<\/span><\/span><\/p>\n<p style=\"text-align: justify\"><span dir=\"auto\" style=\"vertical-align: inherit\"><span dir=\"auto\" style=\"vertical-align: inherit\">La mostra forma part d&#8217;un programa multidisciplinari que inclou la publicaci\u00f3 d&#8217;un llibre-cat\u00e0leg, trobades acad\u00e8miques i la celebraci\u00f3 del Festival Internacional de Poesia Paraula al M\u00f3n (FIP), que consolida un espai d&#8217;intercanvi entre art, pensament i creaci\u00f3 contempor\u00e0nia.<\/span><\/span><\/p>\n<p><a href=\"https:\/\/bbaa.umh.es\/files\/2026\/04\/1000338270-scaled.jpg\"><img loading=\"lazy\" class=\"wp-image-13025 aligncenter\" src=\"https:\/\/bbaa.umh.es\/files\/2026\/04\/1000338270-300x226.jpg\" alt=\"Imatge de lexposici\u00f3.\" width=\"557\" height=\"419\" srcset=\"https:\/\/bbaa.umh.es\/files\/2026\/04\/1000338270-300x226.jpg 300w, https:\/\/bbaa.umh.es\/files\/2026\/04\/1000338270-1024x771.jpg 1024w, https:\/\/bbaa.umh.es\/files\/2026\/04\/1000338270-768x579.jpg 768w, https:\/\/bbaa.umh.es\/files\/2026\/04\/1000338270-1536x1157.jpg 1536w, https:\/\/bbaa.umh.es\/files\/2026\/04\/1000338270-2048x1543.jpg 2048w\" sizes=\"(max-width: 557px) 100vw, 557px\" \/><\/a><\/p>","protected":false},"excerpt":{"rendered":"<p>La professora Pilar Viviente participa a l&#8217;exposici\u00f3 internacional Art i Poetry in Tribute to the Venice Biennale, celebrada del 17 d&#8217;abril a l&#8217;1 de maig de 2026 al Centre Culturale Palazzo Pisani-Revedin (Ven\u00e8cia, It\u00e0lia).<br \/>\nOrganitzada per la Bicultural Community of The Americas en col\u00b7laboraci\u00f3 amb el Palazzo Pisani-Revedin, la mostra reuneix artistes internacionals en un projecte [&#8230;]<\/p>\n","protected":false},"author":32586,"featured_media":0,"comment_status":"closed","ping_status":"open","sticky":false,"template":"","format":"standard","meta":{"ngg_post_thumbnail":0,"_links_to":"","_links_to_target":""},"categories":[1],"tags":[],"_links":{"self":[{"href":"https:\/\/bbaa.umh.es\/ca\/wp-json\/wp\/v2\/posts\/13016"}],"collection":[{"href":"https:\/\/bbaa.umh.es\/ca\/wp-json\/wp\/v2\/posts"}],"about":[{"href":"https:\/\/bbaa.umh.es\/ca\/wp-json\/wp\/v2\/types\/post"}],"author":[{"embeddable":true,"href":"https:\/\/bbaa.umh.es\/ca\/wp-json\/wp\/v2\/users\/32586"}],"replies":[{"embeddable":true,"href":"https:\/\/bbaa.umh.es\/ca\/wp-json\/wp\/v2\/comments?post=13016"}],"version-history":[{"count":0,"href":"https:\/\/bbaa.umh.es\/ca\/wp-json\/wp\/v2\/posts\/13016\/revisions"}],"wp:attachment":[{"href":"https:\/\/bbaa.umh.es\/ca\/wp-json\/wp\/v2\/media?parent=13016"}],"wp:term":[{"taxonomy":"category","embeddable":true,"href":"https:\/\/bbaa.umh.es\/ca\/wp-json\/wp\/v2\/categories?post=13016"},{"taxonomy":"post_tag","embeddable":true,"href":"https:\/\/bbaa.umh.es\/ca\/wp-json\/wp\/v2\/tags?post=13016"}],"curies":[{"name":"wp","href":"https:\/\/api.w.org\/{rel}","templated":true}]}}