{"id":12994,"date":"2026-04-15T08:35:26","date_gmt":"2026-04-15T06:35:26","guid":{"rendered":"https:\/\/bbaa.umh.es\/?p=12994"},"modified":"2026-04-15T08:35:26","modified_gmt":"2026-04-15T06:35:26","slug":"certamen-de-pintura-rapida-el-jardin-artistico-sostenibilidad-e-inspiracion-europea","status":"publish","type":"post","link":"https:\/\/bbaa.umh.es\/ca\/2026\/04\/15\/certamen-de-pintura-rapida-el-jardin-artistico-sostenibilidad-e-inspiracion-europea\/","title":{"rendered":"Certamen de pintura r\u00e0pida &#8220;El jard\u00ed art\u00edstic: sostenibilitat i inspiraci\u00f3 europea"},"content":{"rendered":"<p><a href=\"https:\/\/bbaa.umh.es\/files\/2026\/04\/unnamed.jpg\"><img loading=\"lazy\" class=\"aligncenter wp-image-13000\" src=\"https:\/\/bbaa.umh.es\/files\/2026\/04\/unnamed-300x75.jpg\" alt=\"\" width=\"1064\" height=\"266\" srcset=\"https:\/\/bbaa.umh.es\/files\/2026\/04\/unnamed-300x75.jpg 300w, https:\/\/bbaa.umh.es\/files\/2026\/04\/unnamed-1024x257.jpg 1024w, https:\/\/bbaa.umh.es\/files\/2026\/04\/unnamed-768x192.jpg 768w, https:\/\/bbaa.umh.es\/files\/2026\/04\/unnamed-1536x385.jpg 1536w, https:\/\/bbaa.umh.es\/files\/2026\/04\/unnamed-2048x513.jpg 2048w\" sizes=\"(max-width: 1064px) 100vw, 1064px\" \/><\/a><\/p>\n<p><span dir=\"auto\" style=\"vertical-align: inherit\"><span dir=\"auto\" style=\"vertical-align: inherit\">El Jard\u00ed Art\u00edstic Nacional de l&#8217;&nbsp; <\/span><\/span><a href=\"https:\/\/huertodelcura.com\/\" target=\"_blank\" rel=\"noopener\"><span dir=\"auto\" style=\"vertical-align: inherit\"><span dir=\"auto\" style=\"vertical-align: inherit\">Hort del Cura<\/span><\/span><\/a><span dir=\"auto\" style=\"vertical-align: inherit\"><span dir=\"auto\" style=\"vertical-align: inherit\"> et proposa participar en el seu primer certamen de pintura r\u00e0pida: <\/span><\/span><strong><span dir=\"auto\" style=\"vertical-align: inherit\"><span dir=\"auto\" style=\"vertical-align: inherit\">&nbsp;\u201cEl jard\u00ed hist\u00f2ric: sostenibilitat i inspiraci\u00f3 europea\u201d<\/span><\/span><\/strong><span dir=\"auto\" style=\"vertical-align: inherit\"><span dir=\"auto\" style=\"vertical-align: inherit\"> . Una activitat que t\u00e9 com a objectiu unir art, patrimoni i naturalesa en un entorn \u00fanic.&nbsp;<\/span><\/span><\/p>\n<p><span dir=\"auto\" style=\"vertical-align: inherit\"><span dir=\"auto\" style=\"vertical-align: inherit\">Emmarcada en els actes del 10\u00e8 aniversari de l&#8217;Itinerari Europeu de Jardins Hist\u00f2rics i el Dia Europeu dels Jardins Hist\u00f2rics, la convocat\u00f2ria convida a explorar, des de la sensibilitat individual, la sostenibilitat i la diversitat cultural europea que es respira a cada rac\u00f3 de l&#8217;Hort del Cura.<\/span><\/span><\/p>\n<p><span dir=\"auto\" style=\"vertical-align: inherit\"><span dir=\"auto\" style=\"vertical-align: inherit\">Durant la jornada, els participants realitzaran les seves obres in situ capturant l&#8217;ess\u00e8ncia d&#8217;aquest jard\u00ed hist\u00f2ric on tradici\u00f3, paisatge i diversitat bot\u00e0nica conviuen en harmonia.<\/span><\/span><\/p>\n<p><span dir=\"auto\" style=\"vertical-align: inherit\"><span dir=\"auto\" style=\"vertical-align: inherit\">El jurat estar\u00e0 integrat per&nbsp; <\/span><\/span><strong><span dir=\"auto\" style=\"vertical-align: inherit\"><span dir=\"auto\" style=\"vertical-align: inherit\">professionals de prestigi de l&#8217;\u00e0mbit cultural i art\u00edstic d&#8217;Elx,<\/span><\/span><\/strong><span dir=\"auto\" style=\"vertical-align: inherit\"><span dir=\"auto\" style=\"vertical-align: inherit\"> entre els quals destaquen les reconegudes artistes M\u00aa Dolores Mul\u00e1 i Sol P\u00e9rez.<\/span><\/span><\/p>\n<p><strong><span dir=\"auto\" style=\"vertical-align: inherit\"><span dir=\"auto\" style=\"vertical-align: inherit\">Data:<\/span><\/span><\/strong><span dir=\"auto\" style=\"vertical-align: inherit\"><span dir=\"auto\" style=\"vertical-align: inherit\"> &nbsp; Diumenge, 26 d&#8217;abril de 2026 <\/span><\/span><br \/>\n<strong><span dir=\"auto\" style=\"vertical-align: inherit\"><span dir=\"auto\" style=\"vertical-align: inherit\">Horari:<\/span><\/span><\/strong><span dir=\"auto\" style=\"vertical-align: inherit\"><span dir=\"auto\" style=\"vertical-align: inherit\"> de 09.00 a 15.00 hores <\/span><\/span><br \/>\n<strong><span dir=\"auto\" style=\"vertical-align: inherit\"><span dir=\"auto\" style=\"vertical-align: inherit\">Lloc:<\/span><\/span><\/strong><span dir=\"auto\" style=\"vertical-align: inherit\"><span dir=\"auto\" style=\"vertical-align: inherit\"> &nbsp; Hort del Cura. Carrer Porta de la Morera, 49 &#8211; Elx\/Elx (Alacant) <\/span><\/span><br \/>\n<strong><span dir=\"auto\" style=\"vertical-align: inherit\"><span dir=\"auto\" style=\"vertical-align: inherit\">Inscripci\u00f3:<\/span><\/span><\/strong><span dir=\"auto\" style=\"vertical-align: inherit\"><span dir=\"auto\" style=\"vertical-align: inherit\"> 15 \u20ac *Places limitades.&nbsp;<\/span><\/span><\/p>\n<p><span dir=\"auto\" style=\"vertical-align: inherit\"><span dir=\"auto\" style=\"vertical-align: inherit\">El certamen contempla <\/span><\/span><strong><span dir=\"auto\" style=\"vertical-align: inherit\"><span dir=\"auto\" style=\"vertical-align: inherit\">&nbsp;un primer premi de 2.000 \u20ac<\/span><\/span><\/strong><span dir=\"auto\" style=\"vertical-align: inherit\"><span dir=\"auto\" style=\"vertical-align: inherit\"> &nbsp;i un&nbsp; <\/span><\/span><strong><span dir=\"auto\" style=\"vertical-align: inherit\"><span dir=\"auto\" style=\"vertical-align: inherit\">premi especial de 1.000 \u20ac<\/span><\/span><\/strong><span dir=\"auto\" style=\"vertical-align: inherit\"><span dir=\"auto\" style=\"vertical-align: inherit\"> &nbsp;a l&#8217;obra que reflecteixi millor la dimensi\u00f3 europea del jard\u00ed, reconeixent la qualitat, creativitat i capacitat de transmetre el seu valor cultura i paisatg\u00edstic.<\/span><\/span><\/p>\n<p><span dir=\"auto\" style=\"vertical-align: inherit\"><span dir=\"auto\" style=\"vertical-align: inherit\">A partir de les 16.00 hores es&nbsp; <\/span><\/span><strong><span dir=\"auto\" style=\"vertical-align: inherit\"><span dir=\"auto\" style=\"vertical-align: inherit\">donar\u00e0 a con\u00e8ixer la decisi\u00f3 del jurat&nbsp;<\/span><\/span><\/strong><span dir=\"auto\" style=\"vertical-align: inherit\"><span dir=\"auto\" style=\"vertical-align: inherit\"> i es realitzar\u00e0 el&nbsp; <\/span><\/span><strong><span dir=\"auto\" style=\"vertical-align: inherit\"><span dir=\"auto\" style=\"vertical-align: inherit\">lliurament de premis&nbsp;<\/span><\/span><\/strong><span dir=\"auto\" style=\"vertical-align: inherit\"><span dir=\"auto\" style=\"vertical-align: inherit\"> al propi jard\u00ed, en un ambient ple d&#8217;art i connexi\u00f3 amb l&#8217;entorn<\/span><\/span><\/p>\n<p><span dir=\"auto\" style=\"vertical-align: inherit\"><span dir=\"auto\" style=\"vertical-align: inherit\">Una oportunitat \u00fanica per crear, inspirar-te i formar part d\u00b4una experi\u00e8ncia art\u00edstica en un dels jardins m\u00e9s emblem\u00e0tics del Mediterrani.<\/span><\/span><\/p>\n<p><a href=\"https:\/\/bbaa.umh.es\/files\/2026\/04\/Bases_Pintura_02-04-2026-1.pdf\" target=\"_blank\" rel=\"noopener\"><span dir=\"auto\" style=\"vertical-align: inherit\"><span dir=\"auto\" style=\"vertical-align: inherit\">Bases del certamen<\/span><\/span><\/a><\/p>\n<p><span dir=\"auto\" style=\"vertical-align: inherit\"><span dir=\"auto\" style=\"vertical-align: inherit\">Tamb\u00e9 pots escriure a <\/span><\/span><a href=\"mailto:jardin@huertodelcura.com\"><span dir=\"auto\" style=\"vertical-align: inherit\"><span dir=\"auto\" style=\"vertical-align: inherit\">&nbsp;jardin@huertodelcura.com<\/span><\/span><\/a><span dir=\"auto\" style=\"vertical-align: inherit\"><span dir=\"auto\" style=\"vertical-align: inherit\"> &nbsp;o trucar al&nbsp; <\/span><\/span><strong><span dir=\"auto\" style=\"vertical-align: inherit\"><span dir=\"auto\" style=\"vertical-align: inherit\">965 45 19 36<\/span><\/span><\/strong><span dir=\"auto\" style=\"vertical-align: inherit\"><span dir=\"auto\" style=\"vertical-align: inherit\"> o contactar per WhatsApp al <\/span><\/span><strong><span dir=\"auto\" style=\"vertical-align: inherit\"><span dir=\"auto\" style=\"vertical-align: inherit\">697 86 41 36.<\/span><\/span><\/strong><\/p>","protected":false},"excerpt":{"rendered":"<p>El Jard\u00ed Art\u00edstic Nacional de l&#8217;&nbsp; Hort del Cura et proposa participar en el seu primer certamen de pintura r\u00e0pida: &nbsp;\u201cEl jard\u00ed hist\u00f2ric: sostenibilitat i inspiraci\u00f3 europea\u201d . Una activitat que t\u00e9 com a objectiu unir art, patrimoni i naturalesa en un entorn \u00fanic.&nbsp;<br \/>\nEmmarcada en els actes del 10\u00e8 aniversari de l&#8217;Itinerari Europeu de Jardins [&#8230;]<\/p>\n","protected":false},"author":32586,"featured_media":0,"comment_status":"closed","ping_status":"open","sticky":false,"template":"","format":"standard","meta":{"ngg_post_thumbnail":0,"_links_to":"","_links_to_target":""},"categories":[1],"tags":[],"_links":{"self":[{"href":"https:\/\/bbaa.umh.es\/ca\/wp-json\/wp\/v2\/posts\/12994"}],"collection":[{"href":"https:\/\/bbaa.umh.es\/ca\/wp-json\/wp\/v2\/posts"}],"about":[{"href":"https:\/\/bbaa.umh.es\/ca\/wp-json\/wp\/v2\/types\/post"}],"author":[{"embeddable":true,"href":"https:\/\/bbaa.umh.es\/ca\/wp-json\/wp\/v2\/users\/32586"}],"replies":[{"embeddable":true,"href":"https:\/\/bbaa.umh.es\/ca\/wp-json\/wp\/v2\/comments?post=12994"}],"version-history":[{"count":0,"href":"https:\/\/bbaa.umh.es\/ca\/wp-json\/wp\/v2\/posts\/12994\/revisions"}],"wp:attachment":[{"href":"https:\/\/bbaa.umh.es\/ca\/wp-json\/wp\/v2\/media?parent=12994"}],"wp:term":[{"taxonomy":"category","embeddable":true,"href":"https:\/\/bbaa.umh.es\/ca\/wp-json\/wp\/v2\/categories?post=12994"},{"taxonomy":"post_tag","embeddable":true,"href":"https:\/\/bbaa.umh.es\/ca\/wp-json\/wp\/v2\/tags?post=12994"}],"curies":[{"name":"wp","href":"https:\/\/api.w.org\/{rel}","templated":true}]}}