{"id":12911,"date":"2026-03-20T12:20:43","date_gmt":"2026-03-20T11:20:43","guid":{"rendered":"https:\/\/bbaa.umh.es\/?p=12911"},"modified":"2026-03-20T12:20:43","modified_gmt":"2026-03-20T11:20:43","slug":"convocatoria-muestra-escultorica-panamericana-2026","status":"publish","type":"post","link":"https:\/\/bbaa.umh.es\/ca\/2026\/03\/20\/convocatoria-muestra-escultorica-panamericana-2026\/","title":{"rendered":"Convocat\u00f2ria: Mostra Escult\u00f2rica Panamericana 2026"},"content":{"rendered":"<p><a href=\"https:\/\/bbaa.umh.es\/files\/2026\/03\/2.jpg\"><img loading=\"lazy\" class=\"aligncenter wp-image-12902\" src=\"https:\/\/bbaa.umh.es\/files\/2026\/03\/2-243x300.jpg\" alt=\"\" width=\"463\" height=\"572\" srcset=\"https:\/\/bbaa.umh.es\/files\/2026\/03\/2-243x300.jpg 243w, https:\/\/bbaa.umh.es\/files\/2026\/03\/2-828x1024.jpg 828w, https:\/\/bbaa.umh.es\/files\/2026\/03\/2-768x950.jpg 768w, https:\/\/bbaa.umh.es\/files\/2026\/03\/2-1242x1536.jpg 1242w, https:\/\/bbaa.umh.es\/files\/2026\/03\/2.jpg 1290w\" sizes=\"(max-width: 463px) 100vw, 463px\" \/><\/a><\/p>\n<p data-start=\"309\" data-end=\"628\"><span dir=\"auto\" style=\"vertical-align: inherit\"><span dir=\"auto\" style=\"vertical-align: inherit\">L&#8217;Associaci\u00f3 Argentina d&#8217;Artistes Escultors ha obert la convocat\u00f2ria per participar a la <\/span><\/span><strong data-start=\"405\" data-end=\"446\"><span dir=\"auto\" style=\"vertical-align: inherit\"><span dir=\"auto\" style=\"vertical-align: inherit\">Mostra Escult\u00f2rica Panamericana 2026<\/span><\/span><\/strong><span dir=\"auto\" style=\"vertical-align: inherit\"><span dir=\"auto\" style=\"vertical-align: inherit\"> , una iniciativa que busca promoure l&#8217;art escult\u00f2ric \u2014tant en la vessant cl\u00e0ssica com contempor\u00e0nia\u2014 i fomentar l&#8217;intercanvi cultural entre artistes del continent americ\u00e0.<\/span><\/span><\/p>\n<p data-start=\"630\" data-end=\"871\"><span dir=\"auto\" style=\"vertical-align: inherit\"><span dir=\"auto\" style=\"vertical-align: inherit\">Aquesta convocat\u00f2ria representa una oportunitat excel\u00b7lent per a estudiants, docents i professionals de l&#8217;\u00e0mbit art\u00edstic interessats a projectar el seu treball a nivell internacional i formar part d&#8217;un espai de di\u00e0leg creatiu entre cultures.<\/span><\/span><\/p>\n<p data-start=\"873\" data-end=\"926\"><span dir=\"auto\" style=\"vertical-align: inherit\"><span dir=\"auto\" style=\"vertical-align: inherit\"> <\/span><\/span><strong data-start=\"876\" data-end=\"908\"><span dir=\"auto\" style=\"vertical-align: inherit\"><span dir=\"auto\" style=\"vertical-align: inherit\">Data l\u00edmit d&#8217;inscripci\u00f3:<\/span><\/span><\/strong><span dir=\"auto\" style=\"vertical-align: inherit\"><span dir=\"auto\" style=\"vertical-align: inherit\"> 2 de maig de 2026<\/span><\/span><\/p>\n<p data-start=\"928\" data-end=\"1049\"><span dir=\"auto\" style=\"vertical-align: inherit\"><span dir=\"auto\" style=\"vertical-align: inherit\">S&#8217;anima tota la comunitat universit\u00e0ria vinculada a les arts a <\/span><\/span><strong><span dir=\"auto\" style=\"vertical-align: inherit\"><span dir=\"auto\" style=\"vertical-align: inherit\">participar i difondre<\/span><\/span><\/strong><span dir=\"auto\" style=\"vertical-align: inherit\"><span dir=\"auto\" style=\"vertical-align: inherit\"> aquesta iniciativa entre les seves xarxes.<\/span><\/span><\/p>\n<p data-start=\"1051\" data-end=\"1179\"><span dir=\"auto\" style=\"vertical-align: inherit\"><span dir=\"auto\" style=\"vertical-align: inherit\">Per a m\u00e9s informaci\u00f3 sobre <\/span><\/span><strong><span dir=\"auto\" style=\"vertical-align: inherit\"><span dir=\"auto\" style=\"vertical-align: inherit\">requisits, bases i proc\u00e9s d&#8217;inscripci\u00f3<\/span><\/span><\/strong><span dir=\"auto\" style=\"vertical-align: inherit\"><span dir=\"auto\" style=\"vertical-align: inherit\"> , contacteu a trav\u00e9s d&#8217;aquesta adre\u00e7a de correu electr\u00f2nic: <\/span><\/span><a href=\"mailto:asociaciondeartistasescultores@gmail.com\"><span dir=\"auto\" style=\"vertical-align: inherit\"><span dir=\"auto\" style=\"vertical-align: inherit\">asociaciondeartistasescultores@gmail.com<\/span><\/span><\/a><span dir=\"auto\" style=\"vertical-align: inherit\"><span dir=\"auto\" style=\"vertical-align: inherit\"> .<\/span><\/span><\/p>\n<p><\/p>","protected":false},"excerpt":{"rendered":"<p>L&#8217;Associaci\u00f3 Argentina d&#8217;Artistes Escultors ha obert la convocat\u00f2ria per participar a la Mostra Escult\u00f2rica Panamericana 2026 , una iniciativa que busca promoure l&#8217;art escult\u00f2ric \u2014tant en la vessant cl\u00e0ssica com contempor\u00e0nia\u2014 i fomentar l&#8217;intercanvi cultural entre artistes del continent americ\u00e0.<br \/>\nAquesta convocat\u00f2ria representa una oportunitat excel\u00b7lent per a estudiants, docents i professionals de l&#8217;\u00e0mbit art\u00edstic interessats [&#8230;]<\/p>\n","protected":false},"author":32586,"featured_media":0,"comment_status":"closed","ping_status":"open","sticky":false,"template":"","format":"standard","meta":{"ngg_post_thumbnail":0,"_links_to":"","_links_to_target":""},"categories":[1],"tags":[],"_links":{"self":[{"href":"https:\/\/bbaa.umh.es\/ca\/wp-json\/wp\/v2\/posts\/12911"}],"collection":[{"href":"https:\/\/bbaa.umh.es\/ca\/wp-json\/wp\/v2\/posts"}],"about":[{"href":"https:\/\/bbaa.umh.es\/ca\/wp-json\/wp\/v2\/types\/post"}],"author":[{"embeddable":true,"href":"https:\/\/bbaa.umh.es\/ca\/wp-json\/wp\/v2\/users\/32586"}],"replies":[{"embeddable":true,"href":"https:\/\/bbaa.umh.es\/ca\/wp-json\/wp\/v2\/comments?post=12911"}],"version-history":[{"count":0,"href":"https:\/\/bbaa.umh.es\/ca\/wp-json\/wp\/v2\/posts\/12911\/revisions"}],"wp:attachment":[{"href":"https:\/\/bbaa.umh.es\/ca\/wp-json\/wp\/v2\/media?parent=12911"}],"wp:term":[{"taxonomy":"category","embeddable":true,"href":"https:\/\/bbaa.umh.es\/ca\/wp-json\/wp\/v2\/categories?post=12911"},{"taxonomy":"post_tag","embeddable":true,"href":"https:\/\/bbaa.umh.es\/ca\/wp-json\/wp\/v2\/tags?post=12911"}],"curies":[{"name":"wp","href":"https:\/\/api.w.org\/{rel}","templated":true}]}}