{"id":12884,"date":"2026-03-16T09:38:04","date_gmt":"2026-03-16T08:38:04","guid":{"rendered":"https:\/\/bbaa.umh.es\/?p=12884"},"modified":"2026-03-16T09:38:04","modified_gmt":"2026-03-16T08:38:04","slug":"el-area-de-escultura-impulsa-los-i-talleres-internacionales-de-talla-en-piedra-en-la-facultad-de-bellas-artes-de-altea","status":"publish","type":"post","link":"https:\/\/bbaa.umh.es\/ca\/2026\/03\/16\/el-area-de-escultura-impulsa-los-i-talleres-internacionales-de-talla-en-piedra-en-la-facultad-de-bellas-artes-de-altea\/","title":{"rendered":"L&#8217;\u00c0rea d&#8217;Escultura impulsa els I Tallers Internacionals de Talla en Pedra a la Facultat de Belles Arts d&#8217;Altea"},"content":{"rendered":"<p><\/p>\n<p data-start=\"356\" data-end=\"779\"><a href=\"https:\/\/bbaa.umh.es\/files\/2026\/03\/I-Talleres-Internacionales-de-Talla_Jurado.jpeg\"><img loading=\"lazy\" class=\" wp-image-12890 alignleft\" src=\"https:\/\/bbaa.umh.es\/files\/2026\/03\/I-Talleres-Internacionales-de-Talla_Jurado-240x300.jpeg\" alt=\"\" width=\"320\" height=\"400\" srcset=\"https:\/\/bbaa.umh.es\/files\/2026\/03\/I-Talleres-Internacionales-de-Talla_Jurado-240x300.jpeg 240w, https:\/\/bbaa.umh.es\/files\/2026\/03\/I-Talleres-Internacionales-de-Talla_Jurado-819x1024.jpeg 819w, https:\/\/bbaa.umh.es\/files\/2026\/03\/I-Talleres-Internacionales-de-Talla_Jurado-768x960.jpeg 768w, https:\/\/bbaa.umh.es\/files\/2026\/03\/I-Talleres-Internacionales-de-Talla_Jurado.jpeg 1080w\" sizes=\"(max-width: 320px) 100vw, 320px\" \/><\/a><a href=\"https:\/\/bbaa.umh.es\/files\/2026\/03\/cartel-antonio.jpg\"><img loading=\"lazy\" class=\" wp-image-12887 alignleft\" src=\"https:\/\/bbaa.umh.es\/files\/2026\/03\/cartel-antonio-240x300.jpg\" alt=\"\" width=\"320\" height=\"400\" srcset=\"https:\/\/bbaa.umh.es\/files\/2026\/03\/cartel-antonio-240x300.jpg 240w, https:\/\/bbaa.umh.es\/files\/2026\/03\/cartel-antonio-819x1024.jpg 819w, https:\/\/bbaa.umh.es\/files\/2026\/03\/cartel-antonio-768x960.jpg 768w, https:\/\/bbaa.umh.es\/files\/2026\/03\/cartel-antonio.jpg 1080w\" sizes=\"(max-width: 320px) 100vw, 320px\" \/><\/a><\/p>\n<p data-start=\"356\" data-end=\"779\">&nbsp;<\/p>\n<p data-start=\"356\" data-end=\"779\">&nbsp;<\/p>\n<p data-start=\"356\" data-end=\"779\">&nbsp;<\/p>\n<p data-start=\"356\" data-end=\"779\">&nbsp;<\/p>\n<p data-start=\"356\" data-end=\"779\">&nbsp;<\/p>\n<p data-start=\"356\" data-end=\"779\">&nbsp;<\/p>\n<p data-start=\"356\" data-end=\"779\">&nbsp;<\/p>\n<p data-start=\"356\" data-end=\"779\"><span dir=\"auto\" style=\"vertical-align: inherit\"><span dir=\"auto\" style=\"vertical-align: inherit\">L&#8217;\u00c0rea d&#8217;Escultura de la Facultat de Belles Arts d&#8217;Altea ha posat en marxa els <\/span><\/span><strong data-start=\"441\" data-end=\"490\"><span dir=\"auto\" style=\"vertical-align: inherit\"><span dir=\"auto\" style=\"vertical-align: inherit\">I Tallers Internacionals de Talla a Pedra<\/span><\/span><\/strong><span dir=\"auto\" style=\"vertical-align: inherit\"><span dir=\"auto\" style=\"vertical-align: inherit\"> , una nova iniciativa dirigida per <\/span><\/span><strong data-start=\"526\" data-end=\"629\"><span dir=\"auto\" style=\"vertical-align: inherit\"><span dir=\"auto\" style=\"vertical-align: inherit\">M. Jos\u00e9 Zan\u00f3n, Tatiana Sentamans, Juan Francisco Mart\u00ednez G\u00f3mez d&#8217;Albacete i Paula Garc\u00eda Roble\u00f1o<\/span><\/span><\/strong><span dir=\"auto\" style=\"vertical-align: inherit\"><span dir=\"auto\" style=\"vertical-align: inherit\"> . El projecte neix com un espai de trobada per aprofundir en els processos, les investigacions i les mirades que travessen l&#8217;escultura contempor\u00e0nia.<\/span><\/span><\/p>\n<p data-start=\"781\" data-end=\"1029\"><span dir=\"auto\" style=\"vertical-align: inherit\"><span dir=\"auto\" style=\"vertical-align: inherit\">L&#8217;activitat est\u00e0 oberta a <\/span><\/span><strong data-start=\"809\" data-end=\"854\"><span dir=\"auto\" style=\"vertical-align: inherit\"><span dir=\"auto\" style=\"vertical-align: inherit\">estudiantat de Grau, M\u00e0ster i Doctorat<\/span><\/span><\/strong><span dir=\"auto\" style=\"vertical-align: inherit\"><span dir=\"auto\" style=\"vertical-align: inherit\"> , aix\u00ed com al <\/span><\/span><strong data-start=\"868\" data-end=\"890\"><span dir=\"auto\" style=\"vertical-align: inherit\"><span dir=\"auto\" style=\"vertical-align: inherit\">personal de la UMH<\/span><\/span><\/strong><span dir=\"auto\" style=\"vertical-align: inherit\"><span dir=\"auto\" style=\"vertical-align: inherit\"> , i es planteja com una oportunitat per apropar-se a la pr\u00e0ctica escult\u00f2rica a trav\u00e9s del di\u00e0leg amb artistes de projecci\u00f3 internacional.<\/span><\/span><\/p>\n<p data-start=\"1031\" data-end=\"1411\"><span dir=\"auto\" style=\"vertical-align: inherit\"><span dir=\"auto\" style=\"vertical-align: inherit\">La primera sessi\u00f3 d&#8217;aquesta edici\u00f3 es va celebrar el <\/span><\/span><strong data-start=\"1086\" data-end=\"1103\"><span dir=\"auto\" style=\"vertical-align: inherit\"><span dir=\"auto\" style=\"vertical-align: inherit\">20 de febrer<\/span><\/span><\/strong><span dir=\"auto\" style=\"vertical-align: inherit\"><span dir=\"auto\" style=\"vertical-align: inherit\"> passat amb la participaci\u00f3 de l&#8217;escultor <\/span><\/span><strong data-start=\"1138\" data-end=\"1170\"><span dir=\"auto\" style=\"vertical-align: inherit\"><span dir=\"auto\" style=\"vertical-align: inherit\">Carlos Monge (M\u00e8xic\/Espanya)<\/span><\/span><\/strong><span dir=\"auto\" style=\"vertical-align: inherit\"><span dir=\"auto\" style=\"vertical-align: inherit\"> , referent de l&#8217;escultura monumental amb pres\u00e8ncia a m\u00e9s de trenta pa\u00efsos. La seva obra, de car\u00e0cter abstracte, es nodreix de les geometries de les cultures prehisp\u00e0niques i proposa una reflexi\u00f3 sobre la forma, espai i mem\u00f2ria cultural.<\/span><\/span><\/p>\n<p data-start=\"1413\" data-end=\"1838\"><span dir=\"auto\" style=\"vertical-align: inherit\"><span dir=\"auto\" style=\"vertical-align: inherit\">La propera cita tindr\u00e0 lloc el <\/span><\/span><strong data-start=\"1445\" data-end=\"1479\"><span dir=\"auto\" style=\"vertical-align: inherit\"><span dir=\"auto\" style=\"vertical-align: inherit\">24 de mar\u00e7, a les 12:00 hores<\/span><\/span><\/strong><span dir=\"auto\" style=\"vertical-align: inherit\"><span dir=\"auto\" style=\"vertical-align: inherit\"> , al <\/span><\/span><strong data-start=\"1487\" data-end=\"1503\"><span dir=\"auto\" style=\"vertical-align: inherit\"><span dir=\"auto\" style=\"vertical-align: inherit\">Seminari CIA<\/span><\/span><\/strong><span dir=\"auto\" style=\"vertical-align: inherit\"><span dir=\"auto\" style=\"vertical-align: inherit\"> , ubicat a l&#8217; <\/span><\/span><strong data-start=\"1519\" data-end=\"1580\"><span dir=\"auto\" style=\"vertical-align: inherit\"><span dir=\"auto\" style=\"vertical-align: inherit\">edifici Mascarat de la Facultat de Belles Arts d&#8217;Altea<\/span><\/span><\/strong><span dir=\"auto\" style=\"vertical-align: inherit\"><span dir=\"auto\" style=\"vertical-align: inherit\"> . En aquesta sessi\u00f3 hi participar\u00e0 <\/span><\/span><strong data-start=\"1609\" data-end=\"1642\"><span dir=\"auto\" style=\"vertical-align: inherit\"><span dir=\"auto\" style=\"vertical-align: inherit\">Antonio Jurado (UCLM, Conca)<\/span><\/span><\/strong><span dir=\"auto\" style=\"vertical-align: inherit\"><span dir=\"auto\" style=\"vertical-align: inherit\"> , doctor en Belles Arts i escultor amb traject\u00f2ria internacional, que presentar\u00e0 el seu treball m\u00e9s recent, centrat en la mem\u00f2ria dels objectes quotidians i en les qualitats h\u00e0ptiques del marbre.<\/span><\/span><\/p>\n<p data-start=\"1840\" data-end=\"2251\"><span dir=\"auto\" style=\"vertical-align: inherit\"><span dir=\"auto\" style=\"vertical-align: inherit\">Aquell mateix dia, a les <\/span><\/span><strong data-start=\"1861\" data-end=\"1876\"><span dir=\"auto\" style=\"vertical-align: inherit\"><span dir=\"auto\" style=\"vertical-align: inherit\">17.30 hores<\/span><\/span><\/strong><span dir=\"auto\" style=\"vertical-align: inherit\"><span dir=\"auto\" style=\"vertical-align: inherit\"> , s&#8217;inaugurar\u00e0 l&#8217;exposici\u00f3 <\/span><\/span><strong data-start=\"1906\" data-end=\"1932\"><em data-start=\"1908\" data-end=\"1930\"><span dir=\"auto\" style=\"vertical-align: inherit\"><span dir=\"auto\" style=\"vertical-align: inherit\">La mem\u00f2ria del tacte<\/span><\/span><\/em><\/strong><span dir=\"auto\" style=\"vertical-align: inherit\"><span dir=\"auto\" style=\"vertical-align: inherit\"> , d&#8217;Antonio Jurado, a la <\/span><\/span><strong data-start=\"1959\" data-end=\"2020\"><span dir=\"auto\" style=\"vertical-align: inherit\"><span dir=\"auto\" style=\"vertical-align: inherit\">Sala Rectangle del Centre de Recerca en Arts (CIA)<\/span><\/span><\/strong><span dir=\"auto\" style=\"vertical-align: inherit\"><span dir=\"auto\" style=\"vertical-align: inherit\"> de la Facultat de Belles Arts d&#8217;Altea. La mostra proposa un recorregut per l\u201fess\u00e8ncia dels objectes que formen part de la vida quotidiana, connectant la fredor del material escult\u00f2ric amb la calidesa de l\u201fexperi\u00e8ncia humana.<\/span><\/span><\/p>\n<p data-start=\"2253\" data-end=\"2472\"><span dir=\"auto\" style=\"vertical-align: inherit\"><span dir=\"auto\" style=\"vertical-align: inherit\">La presentaci\u00f3 de l&#8217;exposici\u00f3 anir\u00e0 a c\u00e0rrec dels comissaris <\/span><\/span><strong data-start=\"2320\" data-end=\"2365\"><span dir=\"auto\" style=\"vertical-align: inherit\"><span dir=\"auto\" style=\"vertical-align: inherit\">Juan Francisco Mart\u00ednez G\u00f3mez d&#8217;Albacete<\/span><\/span><\/strong><span dir=\"auto\" style=\"vertical-align: inherit\"><span dir=\"auto\" style=\"vertical-align: inherit\"> i <\/span><\/span><strong data-start=\"2368\" data-end=\"2386\"><span dir=\"auto\" style=\"vertical-align: inherit\"><span dir=\"auto\" style=\"vertical-align: inherit\">M. Jos\u00e9 Zan\u00f3n<\/span><\/span><\/strong><span dir=\"auto\" style=\"vertical-align: inherit\"><span dir=\"auto\" style=\"vertical-align: inherit\"> , despr\u00e9s de la qual s&#8217;obrir\u00e0 un recorregut lliure per la sala i una trobada amb l&#8217;artista.<\/span><\/span><\/p>\n<h2 data-section-id=\"pb697q\" data-start=\"2474\" data-end=\"2503\"><strong><span dir=\"auto\" style=\"vertical-align: inherit\"><span dir=\"auto\" style=\"vertical-align: inherit\">Biografies dels artistes<\/span><\/span><\/strong><\/h2>\n<p>&nbsp;<\/p>\n<h3 data-section-id=\"1yncpag\" data-start=\"2505\" data-end=\"2537\"><span dir=\"auto\" style=\"vertical-align: inherit\"><span dir=\"auto\" style=\"vertical-align: inherit\">Carlos Monge (M\u00e8xic\/Espanya)<\/span><\/span><\/h3>\n<p data-start=\"2539\" data-end=\"2989\"><span dir=\"auto\" style=\"vertical-align: inherit\"><span dir=\"auto\" style=\"vertical-align: inherit\">Carlos Monge va n\u00e9ixer a Sinaloa (M\u00e8xic) el 1947. Va iniciar la seva formaci\u00f3 a la Facultat de Filosofia i Lletres de la <\/span><\/span><strong data-start=\"2650\" data-end=\"2658\"><span dir=\"auto\" style=\"vertical-align: inherit\"><span dir=\"auto\" style=\"vertical-align: inherit\">UNAM<\/span><\/span><\/strong><span dir=\"auto\" style=\"vertical-align: inherit\"><span dir=\"auto\" style=\"vertical-align: inherit\"> i al Centre Universitari d&#8217;Estudis Cinematogr\u00e0fics. Tot i que el 1979 es va graduar en estudis cinematogr\u00e0fics, el seu inter\u00e8s pel volum i la mat\u00e8ria el va portar a orientar la traject\u00f2ria cap a l&#8217;escultura. Es va formar al costat dels mestres <\/span><\/span><strong data-start=\"2897\" data-end=\"2912\"><span dir=\"auto\" style=\"vertical-align: inherit\"><span dir=\"auto\" style=\"vertical-align: inherit\">Sa\u00fal Moreno<\/span><\/span><\/strong><span dir=\"auto\" style=\"vertical-align: inherit\"><span dir=\"auto\" style=\"vertical-align: inherit\"> i <\/span><\/span><strong data-start=\"2915\" data-end=\"2934\"><span dir=\"auto\" style=\"vertical-align: inherit\"><span dir=\"auto\" style=\"vertical-align: inherit\">Modesto Barrios<\/span><\/span><\/strong><span dir=\"auto\" style=\"vertical-align: inherit\"><span dir=\"auto\" style=\"vertical-align: inherit\"> , consolidant posteriorment la seva carrera com a escultor.<\/span><\/span><\/p>\n<p data-start=\"2991\" data-end=\"3437\"><span dir=\"auto\" style=\"vertical-align: inherit\"><span dir=\"auto\" style=\"vertical-align: inherit\">Des del 1992 ha desenvolupat una intensa traject\u00f2ria internacional. Resident a Val\u00e8ncia des de fa m\u00e9s de disset anys, ha participat en m\u00e9s de <\/span><\/span><strong data-start=\"3139\" data-end=\"3185\"><span dir=\"auto\" style=\"vertical-align: inherit\"><span dir=\"auto\" style=\"vertical-align: inherit\">140 simposis internacionals d&#8217;escultura<\/span><\/span><\/strong><span dir=\"auto\" style=\"vertical-align: inherit\"><span dir=\"auto\" style=\"vertical-align: inherit\"> a <\/span><\/span><strong data-start=\"3189\" data-end=\"3202\"><span dir=\"auto\" style=\"vertical-align: inherit\"><span dir=\"auto\" style=\"vertical-align: inherit\">30 pa\u00efsos<\/span><\/span><\/strong><span dir=\"auto\" style=\"vertical-align: inherit\"><span dir=\"auto\" style=\"vertical-align: inherit\"> de <\/span><\/span><strong data-start=\"3206\" data-end=\"3228\"><span dir=\"auto\" style=\"vertical-align: inherit\"><span dir=\"auto\" style=\"vertical-align: inherit\">quatre continents<\/span><\/span><\/strong><span dir=\"auto\" style=\"vertical-align: inherit\"><span dir=\"auto\" style=\"vertical-align: inherit\"> , una experi\u00e8ncia que el situa entre els artistes amb m\u00e9s recorregut en aquest format. A m\u00e9s, \u00e9s representant mexic\u00e0 i espanyol de l&#8217; <\/span><\/span><strong data-start=\"3365\" data-end=\"3436\"><span dir=\"auto\" style=\"vertical-align: inherit\"><span dir=\"auto\" style=\"vertical-align: inherit\">Associaci\u00f3 Internacional d&#8217;Esdeveniments d&#8217;Escultura Monumental (AIESM)<\/span><\/span><\/strong><span dir=\"auto\" style=\"vertical-align: inherit\"><span dir=\"auto\" style=\"vertical-align: inherit\"> .<\/span><\/span><\/p>\n<p data-start=\"3439\" data-end=\"4086\"><span dir=\"auto\" style=\"vertical-align: inherit\"><span dir=\"auto\" style=\"vertical-align: inherit\">Al llarg de la seva carrera ha rebut nombrosos reconeixements, entre ells el <\/span><\/span><strong data-start=\"3518\" data-end=\"3535\"><span dir=\"auto\" style=\"vertical-align: inherit\"><span dir=\"auto\" style=\"vertical-align: inherit\">Tercer Premi<\/span><\/span><\/strong><span dir=\"auto\" style=\"vertical-align: inherit\"><span dir=\"auto\" style=\"vertical-align: inherit\"> de la Sisena Exposici\u00f3 Internacional d&#8217;Escultura <\/span><\/span><em data-start=\"3586\" data-end=\"3597\"><span dir=\"auto\" style=\"vertical-align: inherit\"><span dir=\"auto\" style=\"vertical-align: inherit\">Liu Kaiqu<\/span><\/span><\/em><span dir=\"auto\" style=\"vertical-align: inherit\"><span dir=\"auto\" style=\"vertical-align: inherit\"> de Wuhu (Xina, 2017), el <\/span><\/span><strong data-start=\"3624\" data-end=\"3642\"><span dir=\"auto\" style=\"vertical-align: inherit\"><span dir=\"auto\" style=\"vertical-align: inherit\">Segon Premi<\/span><\/span><\/strong><span dir=\"auto\" style=\"vertical-align: inherit\"><span dir=\"auto\" style=\"vertical-align: inherit\"> del Sis\u00e8 Simposi Internacional d&#8217;Escultura de Teheran (Iran, 2014), el <\/span><strong data-start=\"3808\" data-end=\"3825\"><span dir=\"auto\" style=\"vertical-align: inherit\">Tercer <\/span><\/strong><\/span><strong data-start=\"3717\" data-end=\"3734\"><span dir=\"auto\" style=\"vertical-align: inherit\"><span dir=\"auto\" style=\"vertical-align: inherit\">Premi<\/span><\/span><\/strong><span dir=\"auto\" style=\"vertical-align: inherit\"><span dir=\"auto\" style=\"vertical-align: inherit\"> de la Biennal Internacional d&#8217;Escultura <\/span><span dir=\"auto\" style=\"vertical-align: inherit\">del Simposi Internacional d&#8217;Escultura a Fusta de Sennori (It\u00e0lia, 1996). Tamb\u00e9 ha participat en trobades i convocat\u00f2ries a pa\u00efsos com Ar\u00e0bia Saudita, Xile, Xina, Azerbaidjan, Taiwan, Finl\u00e0ndia, \u00c0ustria, Alemanya, Cro\u00e0cia, Eslov\u00e8nia, Fran\u00e7a i Espanya.<\/span><\/span><\/p>\n<p data-start=\"4088\" data-end=\"4503\"><span dir=\"auto\" style=\"vertical-align: inherit\"><span dir=\"auto\" style=\"vertical-align: inherit\">La seva obra, fonamentalment abstracta, pren com a refer\u00e8ncia les cultures prehisp\u00e0niques de M\u00e8xic. A partir dels seus principis geom\u00e8trics, Monge desenvolupa formes in\u00e8dites que estableixen un di\u00e0leg entre tradici\u00f3, contemporane\u00eftat i monumentalitat. Per a l&#8217;artista, els simposis tamb\u00e9 s\u00f3n espais d&#8217;aprenentatge col\u00b7lectiu, llocs d&#8217;intercanvi on compartir t\u00e8cniques, relats i maneres d&#8217;entendre l&#8217;escultura.<\/span><\/span><\/p>\n<h3 data-section-id=\"1hribjs\" data-start=\"4505\" data-end=\"4538\"><span dir=\"auto\" style=\"vertical-align: inherit\"><span dir=\"auto\" style=\"vertical-align: inherit\">Antonio Jurado (UCLM, Conca)<\/span><\/span><\/h3>\n<p data-start=\"4540\" data-end=\"5272\"><span dir=\"auto\" style=\"vertical-align: inherit\"><span dir=\"auto\" style=\"vertical-align: inherit\">Antonio Jurado, natural de <\/span><\/span><strong data-start=\"4567\" data-end=\"4587\"><span dir=\"auto\" style=\"vertical-align: inherit\"><span dir=\"auto\" style=\"vertical-align: inherit\">Gilena (Sevilla)<\/span><\/span><\/strong><span dir=\"auto\" style=\"vertical-align: inherit\"><span dir=\"auto\" style=\"vertical-align: inherit\"> , \u00e9s <\/span><\/span><strong data-start=\"4592\" data-end=\"4659\"><span dir=\"auto\" style=\"vertical-align: inherit\"><span dir=\"auto\" style=\"vertical-align: inherit\">doctor en Belles Arts per la Universitat de Castella-la Manxa<\/span><\/span><\/strong><span dir=\"auto\" style=\"vertical-align: inherit\"><span dir=\"auto\" style=\"vertical-align: inherit\"> , on va defensar la seva tesi doctoral, <\/span><\/span><em data-start=\"4695\" data-end=\"4818\"><span dir=\"auto\" style=\"vertical-align: inherit\"><span dir=\"auto\" style=\"vertical-align: inherit\">La interpretaci\u00f3 escult\u00f2rica de l&#8217;objecte quotidi\u00e0. Una an\u00e0lisi de l&#8217; escultura contempor\u00e0nia des de la pr\u00e0ctica art\u00edstica<\/span><\/span><\/em><span dir=\"auto\" style=\"vertical-align: inherit\"><span dir=\"auto\" style=\"vertical-align: inherit\"> , el <\/span><\/span><strong data-start=\"4823\" data-end=\"4846\"><span dir=\"auto\" style=\"vertical-align: inherit\"><span dir=\"auto\" style=\"vertical-align: inherit\">16 de juliol del 2025<\/span><\/span><\/strong><span dir=\"auto\" style=\"vertical-align: inherit\"><span dir=\"auto\" style=\"vertical-align: inherit\"> . La seva formaci\u00f3 va comen\u00e7ar a l&#8217;Escola d&#8217;Art d&#8217;Almeria i va continuar a l&#8217;Escola d&#8217;Art de Granada. Posteriorment va cursar el <\/span><\/span><strong data-start=\"4971\" data-end=\"5007\"><span dir=\"auto\" style=\"vertical-align: inherit\"><span dir=\"auto\" style=\"vertical-align: inherit\">Grau en Belles Arts a la UCLM<\/span><\/span><\/strong><span dir=\"auto\" style=\"vertical-align: inherit\"><span dir=\"auto\" style=\"vertical-align: inherit\"> , on va obtenir el <\/span><\/span><strong data-start=\"5025\" data-end=\"5069\"><span dir=\"auto\" style=\"vertical-align: inherit\"><span dir=\"auto\" style=\"vertical-align: inherit\">Premi Extraordinari de Fi d&#8217;Estudis<\/span><\/span><\/strong><span dir=\"auto\" style=\"vertical-align: inherit\"><span dir=\"auto\" style=\"vertical-align: inherit\"> el 2016. El 2015 va realitzar una estada becada a la <\/span><\/span><strong data-start=\"5121\" data-end=\"5173\"><span dir=\"auto\" style=\"vertical-align: inherit\"><span dir=\"auto\" style=\"vertical-align: inherit\">Universitat Aut\u00f2noma de l&#8217;Estat de M\u00e8xic (UAEM)<\/span><\/span><\/strong><span dir=\"auto\" style=\"vertical-align: inherit\"><span dir=\"auto\" style=\"vertical-align: inherit\"> i, el 2017, va completar el <\/span><\/span><strong data-start=\"5198\" data-end=\"5260\"><span dir=\"auto\" style=\"vertical-align: inherit\"><span dir=\"auto\" style=\"vertical-align: inherit\">M\u00e0ster en Investigaci\u00f3 en Pr\u00e0ctiques Art\u00edstiques i Visuals<\/span><\/span><\/strong><span dir=\"auto\" style=\"vertical-align: inherit\"><span dir=\"auto\" style=\"vertical-align: inherit\"> a la UC.<\/span><\/span><\/p>\n<p data-start=\"5274\" data-end=\"5859\"><span dir=\"auto\" style=\"vertical-align: inherit\"><span dir=\"auto\" style=\"vertical-align: inherit\">La seva producci\u00f3 art\u00edstica se centra en la interpretaci\u00f3 escult\u00f2rica dels objectes quotidians. A trav\u00e9s del marbre, Antonio Jurado resignifica elements comuns i en despla\u00e7a la lectura habitual mitjan\u00e7ant l&#8217;alteraci\u00f3 de l&#8217;escala i la materialitat. El seu treball explora les qualitats h\u00e0ptiques de la pedra per convidar l&#8217;espectador a una experi\u00e8ncia sensorial que va m\u00e9s enll\u00e0 del que \u00e9s visual. D&#8217;aquesta manera, les seves escultures transformen objectes reconeixibles en pres\u00e8ncies monumentals que, alhora, q\u00fcestionen el consum excessiu i els ritmes de producci\u00f3 de la societat contempor\u00e0nia.<\/span><\/span><\/p>\n<p data-start=\"5861\" data-end=\"6515\"><span dir=\"auto\" style=\"vertical-align: inherit\"><span dir=\"auto\" style=\"vertical-align: inherit\">La participaci\u00f3 en simposis ha estat un dels eixos fonamentals de la seva traject\u00f2ria. Ha format part de nombroses trobades nacionals i internacionals, entre les quals destaca la seva invitaci\u00f3 a la primera edici\u00f3 del <\/span><\/span><strong data-start=\"6080\" data-end=\"6133\"><span dir=\"auto\" style=\"vertical-align: inherit\"><span dir=\"auto\" style=\"vertical-align: inherit\">Simposi Internacional d&#8217;Escultura d&#8217;Hulan 2023<\/span><\/span><\/strong><span dir=\"auto\" style=\"vertical-align: inherit\"><span dir=\"auto\" style=\"vertical-align: inherit\"> , a Harbin (Xina), on la seva obra <\/span><\/span><em data-start=\"6168\" data-end=\"6177\"><span dir=\"auto\" style=\"vertical-align: inherit\"><span dir=\"auto\" style=\"vertical-align: inherit\">Needles<\/span><\/span><\/em><span dir=\"auto\" style=\"vertical-align: inherit\"><span dir=\"auto\" style=\"vertical-align: inherit\"> va passar a integrar-se al <\/span><\/span><strong data-start=\"6202\" data-end=\"6235\"><span dir=\"auto\" style=\"vertical-align: inherit\"><span dir=\"auto\" style=\"vertical-align: inherit\">Museu d&#8217;Escultures Flotants<\/span><\/span><\/strong><span dir=\"auto\" style=\"vertical-align: inherit\"><span dir=\"auto\" style=\"vertical-align: inherit\"> . Tamb\u00e9 ha participat al <\/span><\/span><strong data-start=\"6266\" data-end=\"6321\"><span dir=\"auto\" style=\"vertical-align: inherit\"><span dir=\"auto\" style=\"vertical-align: inherit\">II Simposi Internacional d&#8217;Escultura de Calatorao<\/span><\/span><\/strong><span dir=\"auto\" style=\"vertical-align: inherit\"><span dir=\"auto\" style=\"vertical-align: inherit\"> (Espanya, 2018), el <\/span><\/span><strong data-start=\"6341\" data-end=\"6381\"><span dir=\"auto\" style=\"vertical-align: inherit\"><span dir=\"auto\" style=\"vertical-align: inherit\">24 Art Engiadina Bildhauer Symposium<\/span><\/span><\/strong><span dir=\"auto\" style=\"vertical-align: inherit\"><span dir=\"auto\" style=\"vertical-align: inherit\"> a Su\u00efssa, el <\/span><\/span><strong data-start=\"6395\" data-end=\"6439\"><span dir=\"auto\" style=\"vertical-align: inherit\"><span dir=\"auto\" style=\"vertical-align: inherit\">27\u00e8 Festival d&#8217;Escultura Camille Claudel<\/span><\/span><\/strong><span dir=\"auto\" style=\"vertical-align: inherit\"><span dir=\"auto\" style=\"vertical-align: inherit\"> a Fran\u00e7a, aix\u00ed com en trobades celebrades a Pol\u00f2nia, Portugal i la Xina.<\/span><\/span><\/p>\n<p data-start=\"6517\" data-end=\"6734\"><span dir=\"auto\" style=\"vertical-align: inherit\"><span dir=\"auto\" style=\"vertical-align: inherit\">En l&#8217;actualitat, compta amb obra p\u00fablica instal\u00b7lada a pa\u00efsos com <\/span><\/span><strong data-start=\"6584\" data-end=\"6630\"><span dir=\"auto\" style=\"vertical-align: inherit\"><span dir=\"auto\" style=\"vertical-align: inherit\">Su\u00efssa, Fran\u00e7a, Espanya, Pol\u00f2nia i Portugal<\/span><\/span><\/strong><span dir=\"auto\" style=\"vertical-align: inherit\"><span dir=\"auto\" style=\"vertical-align: inherit\"> , consolidant una traject\u00f2ria que combina investigaci\u00f3, pr\u00e0ctica art\u00edstica i projecci\u00f3 internacional.<\/span><\/span><\/p>\n<p data-start=\"6517\" data-end=\"6734\"><span dir=\"auto\" style=\"vertical-align: inherit\"><span dir=\"auto\" style=\"vertical-align: inherit\">Amb aquesta iniciativa, obrim un nou espai per a la trobada, aprenentatge i intercanvi al voltant de l&#8217;escultura contempor\u00e0nia. Els I Tallers Internacionals de Talla a Pedra neixen amb la voluntat d&#8217;apropar a la nostra comunitat universit\u00e0ria noves formes de creaci\u00f3, investigaci\u00f3 i di\u00e0leg art\u00edstic.<\/span><\/span><\/p>\n<p><\/p>","protected":false},"excerpt":{"rendered":"<p>&nbsp;<br \/>\n&nbsp;<br \/>\n&nbsp;<br \/>\n&nbsp;<br \/>\n&nbsp;<br \/>\n&nbsp;<br \/>\n&nbsp;<br \/>\nL&#8217;\u00c0rea d&#8217;Escultura de la Facultat de Belles Arts d&#8217;Altea ha posat en marxa els I Tallers Internacionals de Talla a Pedra , una nova iniciativa dirigida per M. Jos\u00e9 Zan\u00f3n, Tatiana Sentamans, Juan Francisco Mart\u00ednez G\u00f3mez d&#8217;Albacete i Paula Garc\u00eda Roble\u00f1o . El projecte neix com un espai de trobada per aprofundir en els processos, [&#8230;]<\/p>\n","protected":false},"author":32586,"featured_media":0,"comment_status":"closed","ping_status":"open","sticky":false,"template":"","format":"standard","meta":{"ngg_post_thumbnail":0,"_links_to":"","_links_to_target":""},"categories":[1],"tags":[],"_links":{"self":[{"href":"https:\/\/bbaa.umh.es\/ca\/wp-json\/wp\/v2\/posts\/12884"}],"collection":[{"href":"https:\/\/bbaa.umh.es\/ca\/wp-json\/wp\/v2\/posts"}],"about":[{"href":"https:\/\/bbaa.umh.es\/ca\/wp-json\/wp\/v2\/types\/post"}],"author":[{"embeddable":true,"href":"https:\/\/bbaa.umh.es\/ca\/wp-json\/wp\/v2\/users\/32586"}],"replies":[{"embeddable":true,"href":"https:\/\/bbaa.umh.es\/ca\/wp-json\/wp\/v2\/comments?post=12884"}],"version-history":[{"count":0,"href":"https:\/\/bbaa.umh.es\/ca\/wp-json\/wp\/v2\/posts\/12884\/revisions"}],"wp:attachment":[{"href":"https:\/\/bbaa.umh.es\/ca\/wp-json\/wp\/v2\/media?parent=12884"}],"wp:term":[{"taxonomy":"category","embeddable":true,"href":"https:\/\/bbaa.umh.es\/ca\/wp-json\/wp\/v2\/categories?post=12884"},{"taxonomy":"post_tag","embeddable":true,"href":"https:\/\/bbaa.umh.es\/ca\/wp-json\/wp\/v2\/tags?post=12884"}],"curies":[{"name":"wp","href":"https:\/\/api.w.org\/{rel}","templated":true}]}}